{"id":1224,"date":"2021-07-30T18:42:50","date_gmt":"2021-07-30T18:42:50","guid":{"rendered":"http:\/\/www2.unifap.br\/ppgdif\/?p=1224"},"modified":"2021-10-01T19:24:45","modified_gmt":"2021-10-01T19:24:45","slug":"processo-seletivo-2021-edital-no-01-2021-ppgif-calendario-2","status":"publish","type":"post","link":"https:\/\/www2.unifap.br\/ppgdif\/2021\/07\/30\/processo-seletivo-2021-edital-no-01-2021-ppgif-calendario-2\/","title":{"rendered":"Processo Seletivo 2021 &#8211; Edital n\u00ba 01\/2021 &#8211; PPGIF &#8211; Calend\u00e1rio 2"},"content":{"rendered":"<p>A Coordenadoria do Programa de P\u00f3s-Gradua\u00e7\u00e3o em Inova\u00e7\u00e3o Farmac\u00eautica da Rede de IES UFG\/UFAM\/UNIFAP\/UFPA, torna p\u00fablico o presente Edital para Processo Seletivo de Acesso ao Doutorado em Inova\u00e7\u00e3o Farmac\u00eautica, ano de 2021, na \u00e1rea de concentra\u00e7\u00e3o F\u00e1rmacos e Medicamentos, em conformidade com as exig\u00eancias do Regulamento (Resolu\u00e7\u00e3o CEPEC N\u00ba 1563\/2017 ), da Resolu\u00e7\u00e3o CEPEC N\u00ba 1403\/2016, da Resolu\u00e7\u00e3o CONSUNI N\u00ba 07\/2015 e Portaria N\u00ba 1049\/2019.<br \/>\nPoder\u00e3o participar do Processo Seletivo ao Doutorado do Programa de P\u00f3s-Gradua\u00e7\u00e3o em Inova\u00e7\u00e3o Farmac\u00eautica todos os portadores de Diplomas de cursos de Gradua\u00e7\u00e3o (bacharelado e licenciatura) em Farm\u00e1cia ou em \u00e1reas afins e de Mestrado, em Ci\u00eancias Farmac\u00eauticas ou em \u00e1reas afins, devidamente reconhecidos e\/ou recomendados pela CAPES\/MEC; bem como concluintes de Mestrado, desde que comprovem a conclus\u00e3o do referido curso, em data anterior \u00e0 matr\u00edcula no Doutorado.<\/p>\n<p>As inscri\u00e7\u00f5es poder\u00e3o ser realizadas de <strong>09 a 27\/08\/2021 <\/strong>enviando os documentos especificados no item 4.2, por correio eletr\u00f4nico para a Coordenadoria Geral (jose_realino@ufg.br) e para as Coordena\u00e7\u00f5es Locais do Programa de P\u00f3s-Gradua\u00e7\u00e3o em Inova\u00e7\u00e3o Farmac\u00eautica, na IES de lota\u00e7\u00e3o do orientador pretendido (<strong>Anexo 1)<\/strong>.<\/p>\n<p><a href=\"http:\/\/www2.unifap.br\/ppgdif\/files\/2021\/07\/Edital-de-Sele\u00e7\u00e3o-PPGIF-2021_Calend\u00e1rio-2-1.pdf\">Edital de Sele\u00e7\u00e3o PPGIF 2021_Calend\u00e1rio 2<\/a><\/p>\n<p><a href=\"http:\/\/www2.unifap.br\/ppgdif\/files\/2021\/07\/ANEXO-2-_-FORMUL\u00c1RIO-DE-INSCRI\u00c7\u00c3O-DE-CANDIDATO-AO-PROCESSO-SELETIVO-2021.pdf\">ANEXO 2 _ FORMUL\u00c1RIO DE INSCRI\u00c7\u00c3O DE CANDIDATO AO PROCESSO SELETIVO 2021<\/a><\/p>\n<p><a href=\"http:\/\/www2.unifap.br\/ppgdif\/files\/2021\/07\/ANEXO-3-_-FICHA-DE-AVALIA\u00c7\u00c3O-DO-PROJETO.pdf\">ANEXO 3 _ FICHA DE AVALIA\u00c7\u00c3O DO PROJETO<\/a><\/p>\n<p><a href=\"http:\/\/www2.unifap.br\/ppgdif\/files\/2021\/07\/ANEXO-4-_-FICHA-DE-AVALIA\u00c7\u00c3O-DO-CURRICULO-LATTES.pdf\">ANEXO 4 _ FICHA DE AVALIA\u00c7\u00c3O DO CURRICULO LATTES<\/a><\/p>\n<p><a href=\"http:\/\/www2.unifap.br\/ppgdif\/files\/2021\/07\/ANEXO-5-_-REQUERIMENTO-DE-MATR\u00cdCULA.pdf\">ANEXO 5 _ REQUERIMENTO DE MATR\u00cdCULA<\/a><\/p>\n<p><a href=\"http:\/\/www2.unifap.br\/ppgdif\/files\/2021\/03\/MODELO-TERMO_DE_AUTODECLARA\u00c7\u00c3O-\u00c9TNICO-RACIAL.pdf\">MODELO-TERMO_DE_AUTODECLARA\u00c7\u00c3O-\u00c9TNICO-RACIAL<\/a><\/p>\n<p><a href=\"http:\/\/www2.unifap.br\/ppgdif\/files\/2021\/08\/PRIMEIRA-RETIFICA\u00c7\u00c3O_Edital-de-Sele\u00e7\u00e3o-PPGIF-2021_Calend\u00e1rio-2.pdf\">PRIMEIRA RETIFICA\u00c7\u00c3O_Edital de Sele\u00e7\u00e3o PPGIF 2021_Calend\u00e1rio 2<\/a><\/p>\n<p><a href=\"http:\/\/www2.unifap.br\/ppgdif\/files\/2021\/09\/Homologa\u00e7\u00e3o-Preliminar-inscri\u00e7\u00f5es-Edital-01-2021-PPGIF-Calend\u00e1rio-2.pdf\">HOMOLOGA\u00c7\u00c3O PRELIMINAR DAS INSCRI\u00c7\u00d5ES PARA A SELE\u00c7\u00c3O DO CURSO DE DOUTORADO EM INOVA\u00c7\u00c3O FARMAC\u00caUTICA<\/a><\/p>\n<p><a href=\"http:\/\/www2.unifap.br\/ppgdif\/files\/2021\/09\/Homologa\u00e7\u00e3o-Final-inscri\u00e7\u00f5es-Edital-01-2021-PPGIF-Calend\u00e1rio-2.pdf\">HOMOLOGA\u00c7\u00c3O FINAL DAS INSCRI\u00c7\u00d5ES PARA A SELE\u00c7\u00c3O DO CURSO DE DOUTORADO EM INOVA\u00c7\u00c3O FARMAC\u00caUTICA<\/a><\/p>\n<p><a href=\"http:\/\/www2.unifap.br\/ppgdif\/files\/2021\/09\/Resultado_Preliminar_Processo_seletivo_2021_Calend\u00e1rio-2.pdf\">Resultado Preliminar \u2013 Processo Seletivo 2021 \u2013 Calend\u00e1rio 2 \u2013 PPGIF EDITAL N\u00ba 01\/2021 \u2013 Doutorado<\/a><\/p>\n<p><a href=\"http:\/\/www2.unifap.br\/ppgdif\/files\/2021\/09\/Resultado_Final_Processo_seletivo_2021_Calend\u00e1rio-2.pdf\">Resultado Final \u2013 Processo Seletivo 2021 \u2013 Calend\u00e1rio 2 \u2013 PPGIF EDITAL N\u00ba 01\/2021 \u2013 Doutorado<\/a><\/p>\n<p><a href=\"http:\/\/www2.unifap.br\/ppgdif\/files\/2021\/10\/EDITAL-DE-CONVOCA\u00c7\u00c3O_MATRICULAS_-CALENDARIO-2_2021_DOUTORADO-PPGIF.pdf\">EDITAL DE CONVOCA\u00c7\u00c3O_MATRICULAS_ CALENDARIO 2_2021_DOUTORADO PPGIF<\/a><\/p>\n<p>&nbsp;<\/p>\n<p>Contatos com a Coordena\u00e7\u00e3o local:<\/p>\n<p>Coordena\u00e7\u00e3o PPGIF\/UNIFAP: e-mail: ppgif@unifap.br<\/p>\n<p>Coordenador Atual: Prof. Dr. Jos\u00e9 Carlos Tavares. E-mail: <a href=\"mailto:jctcarvalho@gmail.com\" target=\"_blank\" rel=\"noopener noreferrer\" data-auth=\"NotApplicable\">jctcarvalho@gmail.com<\/a><\/p>\n","protected":false},"excerpt":{"rendered":"<p>A Coordenadoria do Programa de P\u00f3s-Gradua\u00e7\u00e3o em Inova\u00e7\u00e3o Farmac\u00eautica da Rede de IES UFG\/UFAM\/UNIFAP\/UFPA, torna p\u00fablico o presente Edital para Processo Seletivo de Acesso ao Doutorado em Inova\u00e7\u00e3o Farmac\u00eautica, ano de 2021, na \u00e1rea de concentra\u00e7\u00e3o F\u00e1rmacos e Medicamentos, em&hellip; <\/p>\n<p><a href=\"https:\/\/www2.unifap.br\/ppgdif\/2021\/07\/30\/processo-seletivo-2021-edital-no-01-2021-ppgif-calendario-2\/\" class=\"readmore-button\">Continue Reading<\/a><\/p>\n","protected":false},"author":306,"featured_media":0,"comment_status":"open","ping_status":"open","sticky":false,"template":"","format":"standard","meta":{"inline_featured_image":false,"ngg_post_thumbnail":0,"footnotes":""},"categories":[1],"tags":[],"class_list":["post-1224","post","type-post","status-publish","format-standard","hentry","category-sem-categoria"],"_links":{"self":[{"href":"https:\/\/www2.unifap.br\/ppgdif\/wp-json\/wp\/v2\/posts\/1224","targetHints":{"allow":["GET"]}}],"collection":[{"href":"https:\/\/www2.unifap.br\/ppgdif\/wp-json\/wp\/v2\/posts"}],"about":[{"href":"https:\/\/www2.unifap.br\/ppgdif\/wp-json\/wp\/v2\/types\/post"}],"author":[{"embeddable":true,"href":"https:\/\/www2.unifap.br\/ppgdif\/wp-json\/wp\/v2\/users\/306"}],"replies":[{"embeddable":true,"href":"https:\/\/www2.unifap.br\/ppgdif\/wp-json\/wp\/v2\/comments?post=1224"}],"version-history":[{"count":9,"href":"https:\/\/www2.unifap.br\/ppgdif\/wp-json\/wp\/v2\/posts\/1224\/revisions"}],"predecessor-version":[{"id":1246,"href":"https:\/\/www2.unifap.br\/ppgdif\/wp-json\/wp\/v2\/posts\/1224\/revisions\/1246"}],"wp:attachment":[{"href":"https:\/\/www2.unifap.br\/ppgdif\/wp-json\/wp\/v2\/media?parent=1224"}],"wp:term":[{"taxonomy":"category","embeddable":true,"href":"https:\/\/www2.unifap.br\/ppgdif\/wp-json\/wp\/v2\/categories?post=1224"},{"taxonomy":"post_tag","embeddable":true,"href":"https:\/\/www2.unifap.br\/ppgdif\/wp-json\/wp\/v2\/tags?post=1224"}],"curies":[{"name":"wp","href":"https:\/\/api.w.org\/{rel}","templated":true}]}}