{"id":1746,"date":"2019-12-10T21:43:22","date_gmt":"2019-12-10T21:43:22","guid":{"rendered":"http:\/\/www2.unifap.br\/ppged\/?p=1746"},"modified":"2019-12-10T21:43:32","modified_gmt":"2019-12-10T21:43:32","slug":"listagem-provisoria-de-aprovados-as-na-entrevista-e-prova-de-titulos-ppged-unifap-edital-n-01-2019-turma-2020","status":"publish","type":"post","link":"https:\/\/www2.unifap.br\/ppged\/2019\/12\/10\/listagem-provisoria-de-aprovados-as-na-entrevista-e-prova-de-titulos-ppged-unifap-edital-n-01-2019-turma-2020\/","title":{"rendered":"Listagem provis\u00f3ria de aprovados\/as na entrevista e prova de t\u00edtulos PPGED\/UNIFAP EDITAL N. 01\/2019 \u2013 Turma 2020"},"content":{"rendered":"<p>Publicado as seguintes listagens referentes ao Processo Seletivo para o Curso de Mestrado em Educa\u00e7\u00e3o do Programa de P\u00f3s-gradua\u00e7\u00e3o em Educa\u00e7\u00e3o PPGED\/UNIFAP EDITAL N. 01\/2019 \u2013 Turma 2020:<\/p>\n<p>clique na lista que deseja visualizar&nbsp;<\/p>\n<ul>\n<li><a href=\"http:\/\/www.unifap.br\/editais\/edital-n-01-2019-%c2%96-ppged-unifap\/\">Lista Provis\u00f3ria de Aprovados(as) na Entrevista Linha: Pol\u00edticas Educacionais <\/a><\/li>\n<li><a href=\"http:\/\/www.unifap.br\/editais\/edital-n-01-2019-%c2%96-ppged-unifap\/\">Lista Provis\u00f3ria de Aprovados(as) na Entrevista Linha: Educa\u00e7\u00e3o, Culturas e Diversidades <\/a><\/li>\n<li>Lista Provis\u00f3ria das Notas na Prova de T\u00edtulos Linha: Pol\u00edticas Educacionais<\/li>\n<li>Lista Provis\u00f3ria das Notas na Prova de T\u00edtulos Linha: Educa\u00e7\u00e3o, Culturas e Diversidades<\/li>\n<\/ul>\n","protected":false},"excerpt":{"rendered":"<p>Publicado as seguintes listagens referentes ao Processo Seletivo para o Curso de Mestrado em Educa\u00e7\u00e3o do Programa de P\u00f3s-gradua\u00e7\u00e3o em Educa\u00e7\u00e3o PPGED\/UNIFAP EDITAL N. 01\/2019 \u2013 Turma 2020: clique na lista que deseja visualizar&nbsp; Lista Provis\u00f3ria de Aprovados(as) na Entrevista Linha: Pol\u00edticas Educacionais Lista Provis\u00f3ria de Aprovados(as) na Entrevista Linha: Educa\u00e7\u00e3o, Culturas e Diversidades Lista&#8230;<\/p>\n","protected":false},"author":1095,"featured_media":0,"comment_status":"closed","ping_status":"open","sticky":false,"template":"","format":"standard","meta":{"inline_featured_image":false,"ngg_post_thumbnail":0,"footnotes":""},"categories":[7],"tags":[],"post_folder":[],"class_list":["post-1746","post","type-post","status-publish","format-standard","hentry","category-noticias","entry"],"_links":{"self":[{"href":"https:\/\/www2.unifap.br\/ppged\/wp-json\/wp\/v2\/posts\/1746","targetHints":{"allow":["GET"]}}],"collection":[{"href":"https:\/\/www2.unifap.br\/ppged\/wp-json\/wp\/v2\/posts"}],"about":[{"href":"https:\/\/www2.unifap.br\/ppged\/wp-json\/wp\/v2\/types\/post"}],"author":[{"embeddable":true,"href":"https:\/\/www2.unifap.br\/ppged\/wp-json\/wp\/v2\/users\/1095"}],"replies":[{"embeddable":true,"href":"https:\/\/www2.unifap.br\/ppged\/wp-json\/wp\/v2\/comments?post=1746"}],"version-history":[{"count":1,"href":"https:\/\/www2.unifap.br\/ppged\/wp-json\/wp\/v2\/posts\/1746\/revisions"}],"predecessor-version":[{"id":1747,"href":"https:\/\/www2.unifap.br\/ppged\/wp-json\/wp\/v2\/posts\/1746\/revisions\/1747"}],"wp:attachment":[{"href":"https:\/\/www2.unifap.br\/ppged\/wp-json\/wp\/v2\/media?parent=1746"}],"wp:term":[{"taxonomy":"category","embeddable":true,"href":"https:\/\/www2.unifap.br\/ppged\/wp-json\/wp\/v2\/categories?post=1746"},{"taxonomy":"post_tag","embeddable":true,"href":"https:\/\/www2.unifap.br\/ppged\/wp-json\/wp\/v2\/tags?post=1746"},{"taxonomy":"post_folder","embeddable":true,"href":"https:\/\/www2.unifap.br\/ppged\/wp-json\/wp\/v2\/post_folder?post=1746"}],"curies":[{"name":"wp","href":"https:\/\/api.w.org\/{rel}","templated":true}]}}