{"id":2727,"date":"2021-11-11T16:06:18","date_gmt":"2021-11-11T16:06:18","guid":{"rendered":"http:\/\/www2.unifap.br\/ppged\/?p=2727"},"modified":"2021-11-11T16:06:18","modified_gmt":"2021-11-11T16:06:18","slug":"aula-magna-do-mestrado-em-em-educacao-2021","status":"publish","type":"post","link":"https:\/\/www2.unifap.br\/ppged\/2021\/11\/11\/aula-magna-do-mestrado-em-em-educacao-2021\/","title":{"rendered":"Aula magna do Mestrado em em Educa\u00e7\u00e3o 2021"},"content":{"rendered":"<p>Aula magna do Mestrado em em Educa\u00e7\u00e3o 2021<\/p>\n<p>Tema: Estudo e Forma\u00e7\u00e3o Cr\u00edtica em Humanidades<\/p>\n<p>Proferida pelo Professor Dr. Marcus Sacrini Afilia\u00e7\u00e3o acad\u00eamica Professor Associado (Livre-docente) &#8211; Departamento de Filosofia USP<\/p>\n<p class=\"responsive-video-wrap clr\"><iframe title=\"Estudo e Forma\u00e7\u00e3o Cr\u00edtica em Humanidades\" width=\"1200\" height=\"675\" src=\"https:\/\/www.youtube.com\/embed\/hNpPZyXAjF4?feature=oembed\" frameborder=\"0\" allow=\"accelerometer; autoplay; clipboard-write; encrypted-media; gyroscope; picture-in-picture\" allowfullscreen><\/iframe><\/p>\n","protected":false},"excerpt":{"rendered":"<p>Aula magna do Mestrado em em Educa\u00e7\u00e3o 2021 Tema: Estudo e Forma\u00e7\u00e3o Cr\u00edtica em Humanidades Proferida pelo Professor Dr. Marcus Sacrini Afilia\u00e7\u00e3o acad\u00eamica Professor Associado (Livre-docente) &#8211; Departamento de Filosofia USP<\/p>\n","protected":false},"author":1095,"featured_media":0,"comment_status":"closed","ping_status":"open","sticky":false,"template":"","format":"standard","meta":{"inline_featured_image":false,"ngg_post_thumbnail":0,"footnotes":""},"categories":[5],"tags":[],"post_folder":[],"class_list":["post-2727","post","type-post","status-publish","format-standard","hentry","category-eventos","entry"],"_links":{"self":[{"href":"https:\/\/www2.unifap.br\/ppged\/wp-json\/wp\/v2\/posts\/2727","targetHints":{"allow":["GET"]}}],"collection":[{"href":"https:\/\/www2.unifap.br\/ppged\/wp-json\/wp\/v2\/posts"}],"about":[{"href":"https:\/\/www2.unifap.br\/ppged\/wp-json\/wp\/v2\/types\/post"}],"author":[{"embeddable":true,"href":"https:\/\/www2.unifap.br\/ppged\/wp-json\/wp\/v2\/users\/1095"}],"replies":[{"embeddable":true,"href":"https:\/\/www2.unifap.br\/ppged\/wp-json\/wp\/v2\/comments?post=2727"}],"version-history":[{"count":1,"href":"https:\/\/www2.unifap.br\/ppged\/wp-json\/wp\/v2\/posts\/2727\/revisions"}],"predecessor-version":[{"id":2728,"href":"https:\/\/www2.unifap.br\/ppged\/wp-json\/wp\/v2\/posts\/2727\/revisions\/2728"}],"wp:attachment":[{"href":"https:\/\/www2.unifap.br\/ppged\/wp-json\/wp\/v2\/media?parent=2727"}],"wp:term":[{"taxonomy":"category","embeddable":true,"href":"https:\/\/www2.unifap.br\/ppged\/wp-json\/wp\/v2\/categories?post=2727"},{"taxonomy":"post_tag","embeddable":true,"href":"https:\/\/www2.unifap.br\/ppged\/wp-json\/wp\/v2\/tags?post=2727"},{"taxonomy":"post_folder","embeddable":true,"href":"https:\/\/www2.unifap.br\/ppged\/wp-json\/wp\/v2\/post_folder?post=2727"}],"curies":[{"name":"wp","href":"https:\/\/api.w.org\/{rel}","templated":true}]}}