{"id":1246,"date":"2019-05-29T13:13:39","date_gmt":"2019-05-29T13:13:39","guid":{"rendered":"http:\/\/www2.unifap.br\/ppgef\/?p=1246"},"modified":"2019-05-29T13:13:39","modified_gmt":"2019-05-29T13:13:39","slug":"visita-tecnica-a-embaixada-brasileira-no-suriname","status":"publish","type":"post","link":"https:\/\/www2.unifap.br\/ppgef\/2019\/05\/29\/visita-tecnica-a-embaixada-brasileira-no-suriname\/","title":{"rendered":"VISITA  T\u00c9CNICA A EMBAIXADA BRASILEIRA NO SURINAME"},"content":{"rendered":"<p><span style=\"color: #000000\">No \u00faltimo dia dois de maio de\u00a0 dois mil e dezenove, um grupo composto por professores, mestrandos e pesquisadores do Programa de P\u00f3s Gradua\u00e7\u00e3o em Estudos de Fronteiras \u2013 PPGEF \u00a0saiu em uma visita t\u00e9cnica para o Suriname, em especial na sua capital Paramaribo ao encontro do Embaixador do Brasil no Suriname, o senhor Laudemar Aguiar.<\/span><\/p>\n<p><span style=\"color: #000000\">O Suriname est\u00e1 localizado ao norte da Am\u00e9rica do Sul, \u00e9 um pa\u00eds que faz fronteira direta com a Guiana Francesa, Rep\u00fablica da Guiana e o Brasil. A coopera\u00e7\u00e3o Brasil-Suriname existe desde os anos oitenta e o ponto de partida dessa rela\u00e7\u00e3o aconteceu a partir do Acordo B\u00e1sico de Coopera\u00e7\u00e3o Cient\u00edfica, T\u00e9cnica e Tecnol\u00f3gica, celebrado em Bras\u00edlia, em 22 de junho de 1976.<\/span><\/p>\n<p><span style=\"color: #000000\">\u00a0No momento atual o programa \u00e9 composto de quatro projetos em andamento, nas \u00e1reas de agricultura, geologia e finan\u00e7as, al\u00e9m de sete novas iniciativas nas \u00e1reas de agricultura, sa\u00fade, recursos h\u00eddricos e geologia, que foram negociadas por ocasi\u00e3o da I Reuni\u00e3o do Grupo de Trabalho de Coopera\u00e7\u00e3o T\u00e9cnica bilateral, em 2015.<\/span><\/p>\n<p><span style=\"color: #000000\">A visita ao Embaixador ocorreu na parte da manh\u00e3, o grupo foi recebido pelo Embaixador, Laudemar Aguiar, al\u00e9m dos Ministro-Conselheiro\u00a0Carlos Jos\u00e9 Areias Moreno Garcete, e o Conselheiro\u00a0Gustavo Pereira. O <strong>Adido\u00a0de Defesa, Naval e do Ex\u00e9rcito<\/strong>: Tenente-Coronel\u00a0Marco Aur\u00e9lio Magalh\u00e3es Cavalcanti e a <strong>Adido da Pol\u00edcia Federal<\/strong> Delegada\u00a0Evangelina Carin\u00e9 da Trindade Miranda. O grupo de estudantes e professores se apresentaram, tratando um pouco sobre a forma\u00e7\u00e3o acad\u00eamica e os interesses como pesquisadores em especial as rela\u00e7\u00f5es com o Suriname. <\/span><\/p>\n<p><span style=\"color: #000000\">O embaixador, Laudemar Aguiar tomou a palavra primeiramente explicando as a\u00e7\u00f5es da embaixada do Brasil no Suriname, tratou sobre as frentes de trabalho mais relevantes na embaixada atualmente e al\u00e9m disso abriu uma roda de perguntas e respostas sobre diferentes tem\u00e1ticas, pol\u00edtica externa e interna do Suriname, rela\u00e7\u00f5es de coopera\u00e7\u00e3o bilaterais do Brasil com o Suriname e assist\u00eancia da embaixada para brasileiros.<\/span><\/p>\n<p><span style=\"color: #000000\">O grupo foi \u00a0coordenado pelo professor \u00a0Gutemberg de Vilhena Silva.<\/span><\/p>\n<figure style=\"width: 640px\" class=\"wp-caption alignnone\"><a href=\"http:\/\/www2.unifap.br\/ppgef\/2019\/05\/29\/visita-tecnica-a-embaixada-brasileira-no-suriname\/img-20190502-wa0037\/#main\" rel=\"attachment wp-att-1247\"><img fetchpriority=\"high\" decoding=\"async\" class=\"alignnone size-large wp-image-1247 aligncenter\" src=\"http:\/\/www2.unifap.br\/ppgef\/files\/2019\/05\/IMG-20190502-WA0037-1024x788.jpg\" alt=\"\" width=\"640\" height=\"493\" srcset=\"https:\/\/www2.unifap.br\/ppgef\/files\/2019\/05\/IMG-20190502-WA0037.jpg 1024w, https:\/\/www2.unifap.br\/ppgef\/files\/2019\/05\/IMG-20190502-WA0037-300x231.jpg 300w, https:\/\/www2.unifap.br\/ppgef\/files\/2019\/05\/IMG-20190502-WA0037-768x591.jpg 768w\" sizes=\"(max-width: 640px) 100vw, 640px\" \/><\/a><figcaption class=\"wp-caption-text\">Visita a Embaixada do Brasil no Suriname, alunos, professores e pesquisadores. Al\u00e9m dos Adidos de Defesa e a Adido da Policia Federal. Fonte: Arquivo Pessoal, 2019.<\/figcaption><\/figure>\n<p>&nbsp;<\/p>\n","protected":false},"excerpt":{"rendered":"<p>No \u00faltimo dia dois de maio de\u00a0 dois mil e dezenove, um grupo composto por professores, mestrandos e pesquisadores do Programa de P\u00f3s Gradua\u00e7\u00e3o em Estudos de Fronteiras \u2013 PPGEF \u00a0saiu em uma visita t\u00e9cnica para o Suriname, em especial na sua capital Paramaribo ao encontro do Embaixador do Brasil no Suriname, o senhor Laudemar&#8230;<\/p>\n","protected":false},"author":976,"featured_media":0,"comment_status":"closed","ping_status":"open","sticky":false,"template":"","format":"standard","meta":{"inline_featured_image":false,"site-sidebar-layout":"default","site-content-layout":"","ast-site-content-layout":"default","site-content-style":"default","site-sidebar-style":"default","ast-global-header-display":"","ast-banner-title-visibility":"","ast-main-header-display":"","ast-hfb-above-header-display":"","ast-hfb-below-header-display":"","ast-hfb-mobile-header-display":"","site-post-title":"","ast-breadcrumbs-content":"","ast-featured-img":"","footer-sml-layout":"","theme-transparent-header-meta":"","adv-header-id-meta":"","stick-header-meta":"","header-above-stick-meta":"","header-main-stick-meta":"","header-below-stick-meta":"","astra-migrate-meta-layouts":"default","ast-page-background-enabled":"default","ast-page-background-meta":{"desktop":{"background-color":"var(--ast-global-color-4)","background-image":"","background-repeat":"repeat","background-position":"center center","background-size":"auto","background-attachment":"scroll","background-type":"","background-media":"","overlay-type":"","overlay-color":"","overlay-opacity":"","overlay-gradient":""},"tablet":{"background-color":"","background-image":"","background-repeat":"repeat","background-position":"center center","background-size":"auto","background-attachment":"scroll","background-type":"","background-media":"","overlay-type":"","overlay-color":"","overlay-opacity":"","overlay-gradient":""},"mobile":{"background-color":"","background-image":"","background-repeat":"repeat","background-position":"center center","background-size":"auto","background-attachment":"scroll","background-type":"","background-media":"","overlay-type":"","overlay-color":"","overlay-opacity":"","overlay-gradient":""}},"ast-content-background-meta":{"desktop":{"background-color":"var(--ast-global-color-5)","background-image":"","background-repeat":"repeat","background-position":"center center","background-size":"auto","background-attachment":"scroll","background-type":"","background-media":"","overlay-type":"","overlay-color":"","overlay-opacity":"","overlay-gradient":""},"tablet":{"background-color":"var(--ast-global-color-5)","background-image":"","background-repeat":"repeat","background-position":"center center","background-size":"auto","background-attachment":"scroll","background-type":"","background-media":"","overlay-type":"","overlay-color":"","overlay-opacity":"","overlay-gradient":""},"mobile":{"background-color":"var(--ast-global-color-5)","background-image":"","background-repeat":"repeat","background-position":"center center","background-size":"auto","background-attachment":"scroll","background-type":"","background-media":"","overlay-type":"","overlay-color":"","overlay-opacity":"","overlay-gradient":""}},"ngg_post_thumbnail":0,"footnotes":""},"categories":[1],"tags":[],"class_list":["post-1246","post","type-post","status-publish","format-standard","hentry","category-sem-categoria"],"_links":{"self":[{"href":"https:\/\/www2.unifap.br\/ppgef\/wp-json\/wp\/v2\/posts\/1246","targetHints":{"allow":["GET"]}}],"collection":[{"href":"https:\/\/www2.unifap.br\/ppgef\/wp-json\/wp\/v2\/posts"}],"about":[{"href":"https:\/\/www2.unifap.br\/ppgef\/wp-json\/wp\/v2\/types\/post"}],"author":[{"embeddable":true,"href":"https:\/\/www2.unifap.br\/ppgef\/wp-json\/wp\/v2\/users\/976"}],"replies":[{"embeddable":true,"href":"https:\/\/www2.unifap.br\/ppgef\/wp-json\/wp\/v2\/comments?post=1246"}],"version-history":[{"count":2,"href":"https:\/\/www2.unifap.br\/ppgef\/wp-json\/wp\/v2\/posts\/1246\/revisions"}],"predecessor-version":[{"id":1249,"href":"https:\/\/www2.unifap.br\/ppgef\/wp-json\/wp\/v2\/posts\/1246\/revisions\/1249"}],"wp:attachment":[{"href":"https:\/\/www2.unifap.br\/ppgef\/wp-json\/wp\/v2\/media?parent=1246"}],"wp:term":[{"taxonomy":"category","embeddable":true,"href":"https:\/\/www2.unifap.br\/ppgef\/wp-json\/wp\/v2\/categories?post=1246"},{"taxonomy":"post_tag","embeddable":true,"href":"https:\/\/www2.unifap.br\/ppgef\/wp-json\/wp\/v2\/tags?post=1246"}],"curies":[{"name":"wp","href":"https:\/\/api.w.org\/{rel}","templated":true}]}}