{"id":1278,"date":"2019-06-19T14:03:08","date_gmt":"2019-06-19T14:03:08","guid":{"rendered":"http:\/\/www2.unifap.br\/ppgef\/?p=1278"},"modified":"2019-06-19T14:03:08","modified_gmt":"2019-06-19T14:03:08","slug":"apresentacao-em-seminario-na-universidade-de-brasilia","status":"publish","type":"post","link":"https:\/\/www2.unifap.br\/ppgef\/2019\/06\/19\/apresentacao-em-seminario-na-universidade-de-brasilia\/","title":{"rendered":"Apresenta\u00e7\u00e3o em Semin\u00e1rio na Universidade de Bras\u00edlia"},"content":{"rendered":"<p>Na \u00faltima ter\u00e7a feira, dia 18\/06\/2019, o professor doutor Handerson Joseph, coordenador do Programa de P\u00f3s-Gradua\u00e7\u00e3o em Estudos de Fronteiras \u2013 PPGEF, participou do semin\u00e1rio: A Recep\u00e7\u00e3o dos Refugiados em Bras\u00edlia \u2013 Pol\u00edticas e Experi\u00eancias de acolhida. O professor Handerson participou de uma mesa redonda intitulada \u201cPol\u00edticas de Acolhidas\u201d junto com outros professores explanaram um pouco mais sobre essa tem\u00e1tica e suas pr\u00f3prias perspectivas. O evento aconteceu na Universidade de Bras\u00edlia (UNB)<\/p>\n<p>&nbsp;<\/p>\n<figure id=\"attachment_1280\" aria-describedby=\"caption-attachment-1280\" style=\"width: 640px\" class=\"wp-caption aligncenter\"><a href=\"http:\/\/www2.unifap.br\/ppgef\/2019\/06\/19\/apresentacao-em-seminario-na-universidade-de-brasilia\/whatsapp-image-2019-06-19-at-09-24-36\/#main\" rel=\"attachment wp-att-1280\"><img fetchpriority=\"high\" decoding=\"async\" class=\"wp-image-1280 size-large\" src=\"http:\/\/www2.unifap.br\/ppgef\/files\/2019\/06\/WhatsApp-Image-2019-06-19-at-09.24.36-1024x768.jpeg\" alt=\"\" width=\"640\" height=\"480\" srcset=\"https:\/\/www2.unifap.br\/ppgef\/files\/2019\/06\/WhatsApp-Image-2019-06-19-at-09.24.36-1024x768.jpeg 1024w, https:\/\/www2.unifap.br\/ppgef\/files\/2019\/06\/WhatsApp-Image-2019-06-19-at-09.24.36-300x225.jpeg 300w, https:\/\/www2.unifap.br\/ppgef\/files\/2019\/06\/WhatsApp-Image-2019-06-19-at-09.24.36-768x576.jpeg 768w, https:\/\/www2.unifap.br\/ppgef\/files\/2019\/06\/WhatsApp-Image-2019-06-19-at-09.24.36.jpeg 1280w\" sizes=\"(max-width: 640px) 100vw, 640px\" \/><\/a><figcaption id=\"caption-attachment-1280\" class=\"wp-caption-text\">Semin\u00e1rio : A Recep\u00e7\u00e3o dos Refugiados em Bras\u00edlia, Mesa Redonda. Fonte : Arquivo Pessoal, 2019.<\/figcaption><\/figure>\n<p>&nbsp;<\/p>\n<p>&nbsp;<\/p>\n<figure id=\"attachment_1281\" aria-describedby=\"caption-attachment-1281\" style=\"width: 640px\" class=\"wp-caption aligncenter\"><a href=\"http:\/\/www2.unifap.br\/ppgef\/2019\/06\/19\/apresentacao-em-seminario-na-universidade-de-brasilia\/whatsapp-image-2019-06-19-at-09-23-54\/#main\" rel=\"attachment wp-att-1281\"><img decoding=\"async\" class=\"wp-image-1281 size-large\" src=\"http:\/\/www2.unifap.br\/ppgef\/files\/2019\/06\/WhatsApp-Image-2019-06-19-at-09.23.54-1024x768.jpeg\" alt=\"\" width=\"640\" height=\"480\" srcset=\"https:\/\/www2.unifap.br\/ppgef\/files\/2019\/06\/WhatsApp-Image-2019-06-19-at-09.23.54-1024x768.jpeg 1024w, https:\/\/www2.unifap.br\/ppgef\/files\/2019\/06\/WhatsApp-Image-2019-06-19-at-09.23.54-300x225.jpeg 300w, https:\/\/www2.unifap.br\/ppgef\/files\/2019\/06\/WhatsApp-Image-2019-06-19-at-09.23.54-768x576.jpeg 768w, https:\/\/www2.unifap.br\/ppgef\/files\/2019\/06\/WhatsApp-Image-2019-06-19-at-09.23.54.jpeg 1032w\" sizes=\"(max-width: 640px) 100vw, 640px\" \/><\/a><figcaption id=\"caption-attachment-1281\" class=\"wp-caption-text\">Semin\u00e1rio : A Recep\u00e7\u00e3o dos Refugiados em Bras\u00edlia, Mesa Redonda &#8220;Pol\u00edticas de Acolhidas&#8221; . Fonte : Arquivo Pessoal, 2019<\/figcaption><\/figure>\n","protected":false},"excerpt":{"rendered":"<p>Na \u00faltima ter\u00e7a feira, dia 18\/06\/2019, o professor doutor Handerson Joseph, coordenador do Programa de P\u00f3s-Gradua\u00e7\u00e3o em Estudos de Fronteiras \u2013 PPGEF, participou do semin\u00e1rio: A Recep\u00e7\u00e3o dos Refugiados em Bras\u00edlia \u2013 Pol\u00edticas e Experi\u00eancias de acolhida. O professor Handerson participou de uma mesa redonda intitulada \u201cPol\u00edticas de Acolhidas\u201d junto com outros professores explanaram um&#8230;<\/p>\n","protected":false},"author":976,"featured_media":0,"comment_status":"closed","ping_status":"open","sticky":false,"template":"","format":"standard","meta":{"inline_featured_image":false,"site-sidebar-layout":"default","site-content-layout":"","ast-site-content-layout":"default","site-content-style":"default","site-sidebar-style":"default","ast-global-header-display":"","ast-banner-title-visibility":"","ast-main-header-display":"","ast-hfb-above-header-display":"","ast-hfb-below-header-display":"","ast-hfb-mobile-header-display":"","site-post-title":"","ast-breadcrumbs-content":"","ast-featured-img":"","footer-sml-layout":"","theme-transparent-header-meta":"","adv-header-id-meta":"","stick-header-meta":"","header-above-stick-meta":"","header-main-stick-meta":"","header-below-stick-meta":"","astra-migrate-meta-layouts":"default","ast-page-background-enabled":"default","ast-page-background-meta":{"desktop":{"background-color":"var(--ast-global-color-4)","background-image":"","background-repeat":"repeat","background-position":"center center","background-size":"auto","background-attachment":"scroll","background-type":"","background-media":"","overlay-type":"","overlay-color":"","overlay-opacity":"","overlay-gradient":""},"tablet":{"background-color":"","background-image":"","background-repeat":"repeat","background-position":"center center","background-size":"auto","background-attachment":"scroll","background-type":"","background-media":"","overlay-type":"","overlay-color":"","overlay-opacity":"","overlay-gradient":""},"mobile":{"background-color":"","background-image":"","background-repeat":"repeat","background-position":"center center","background-size":"auto","background-attachment":"scroll","background-type":"","background-media":"","overlay-type":"","overlay-color":"","overlay-opacity":"","overlay-gradient":""}},"ast-content-background-meta":{"desktop":{"background-color":"var(--ast-global-color-5)","background-image":"","background-repeat":"repeat","background-position":"center center","background-size":"auto","background-attachment":"scroll","background-type":"","background-media":"","overlay-type":"","overlay-color":"","overlay-opacity":"","overlay-gradient":""},"tablet":{"background-color":"var(--ast-global-color-5)","background-image":"","background-repeat":"repeat","background-position":"center center","background-size":"auto","background-attachment":"scroll","background-type":"","background-media":"","overlay-type":"","overlay-color":"","overlay-opacity":"","overlay-gradient":""},"mobile":{"background-color":"var(--ast-global-color-5)","background-image":"","background-repeat":"repeat","background-position":"center center","background-size":"auto","background-attachment":"scroll","background-type":"","background-media":"","overlay-type":"","overlay-color":"","overlay-opacity":"","overlay-gradient":""}},"ngg_post_thumbnail":0,"footnotes":""},"categories":[5],"tags":[8,6,7],"class_list":["post-1278","post","type-post","status-publish","format-standard","hentry","category-eventos","tag-apresentacao","tag-evento","tag-seminario"],"_links":{"self":[{"href":"https:\/\/www2.unifap.br\/ppgef\/wp-json\/wp\/v2\/posts\/1278","targetHints":{"allow":["GET"]}}],"collection":[{"href":"https:\/\/www2.unifap.br\/ppgef\/wp-json\/wp\/v2\/posts"}],"about":[{"href":"https:\/\/www2.unifap.br\/ppgef\/wp-json\/wp\/v2\/types\/post"}],"author":[{"embeddable":true,"href":"https:\/\/www2.unifap.br\/ppgef\/wp-json\/wp\/v2\/users\/976"}],"replies":[{"embeddable":true,"href":"https:\/\/www2.unifap.br\/ppgef\/wp-json\/wp\/v2\/comments?post=1278"}],"version-history":[{"count":2,"href":"https:\/\/www2.unifap.br\/ppgef\/wp-json\/wp\/v2\/posts\/1278\/revisions"}],"predecessor-version":[{"id":1284,"href":"https:\/\/www2.unifap.br\/ppgef\/wp-json\/wp\/v2\/posts\/1278\/revisions\/1284"}],"wp:attachment":[{"href":"https:\/\/www2.unifap.br\/ppgef\/wp-json\/wp\/v2\/media?parent=1278"}],"wp:term":[{"taxonomy":"category","embeddable":true,"href":"https:\/\/www2.unifap.br\/ppgef\/wp-json\/wp\/v2\/categories?post=1278"},{"taxonomy":"post_tag","embeddable":true,"href":"https:\/\/www2.unifap.br\/ppgef\/wp-json\/wp\/v2\/tags?post=1278"}],"curies":[{"name":"wp","href":"https:\/\/api.w.org\/{rel}","templated":true}]}}