{"id":1285,"date":"2019-06-21T11:46:35","date_gmt":"2019-06-21T11:46:35","guid":{"rendered":"http:\/\/www2.unifap.br\/ppgef\/?p=1285"},"modified":"2019-06-21T19:31:30","modified_gmt":"2019-06-21T19:31:30","slug":"mesa-sobre-mulheres-migrantes","status":"publish","type":"post","link":"https:\/\/www2.unifap.br\/ppgef\/2019\/06\/21\/mesa-sobre-mulheres-migrantes\/","title":{"rendered":"Mesa sobre Mulheres Migrantes"},"content":{"rendered":"<p>O Programa de P\u00f3s-Gradua\u00e7\u00e3o em Estudos de Fronteira (PPGEF) e o Programa de Apoio a Migrantes e Refugiados (PAMER) da Universidade Federal do Amap\u00e1 (Unifap) organizam mesa &#8220;Mulheres migrantes&#8221;, em alus\u00e3o ao dia 20 de junho, dia Mundial do Refugiado, criado pela Organiza\u00e7\u00e3o das Na\u00e7\u00f5es Unidas (ONU) em 2000, atrav\u00e9s da ag\u00eancia do Alto Comissariado das Na\u00e7\u00f5es Unidas para os Refugiados (ACNUR). Neste ano, o PPGEF e o PAMER homenageiam as mulheres migrantes e refugiadas, atrav\u00e9s da discuss\u00e3o dos seguintes temas e trabalhos desenvolvidos pelas pr\u00f3prias mulheres, incluindo migrantes, protagonistas de suas pr\u00f3prias trajet\u00f3rias:<\/p>\n<p>&#8220;Tr\u00e1fico internacional de mulheres&#8221;<br \/>\nRuane Queiroz Silva (PPGEF\/PAMER\/Unifap)<\/p>\n<p>&#8220;Representa\u00e7\u00e3o social das mulheres Migrantes brasileiras&#8221;<br \/>\nD\u00e1bila de C\u00e1ssia Brito (PPGEF\/Unifap)<\/p>\n<p>&#8220;Viol\u00eancia e Direitos Humanos das mulheres Migrantes&#8221;<br \/>\nEdiane dos Santos Gomes (PAMER)<\/p>\n<p>&#8220;Interseccionalidade e Fronteira: Mulheres negras Migrantes&#8221;<br \/>\nLivia Cunha do Ros\u00e1rio (Ueap\/PAMER-Unifap)<\/p>\n<p>Debaterora:<br \/>\nAnnick Belrose (Unifap)<\/p>\n<p><a href=\"http:\/\/www2.unifap.br\/ppgef\/2019\/06\/21\/mesa-sobre-mulheres-migrantes\/whatsapp-image-2019-06-21-at-07-31-05\/#main\" rel=\"attachment wp-att-1286\"><img fetchpriority=\"high\" decoding=\"async\" class=\"size-large wp-image-1286 aligncenter\" src=\"http:\/\/www2.unifap.br\/ppgef\/files\/2019\/06\/WhatsApp-Image-2019-06-21-at-07.31.05-724x1024.jpeg\" alt=\"\" width=\"640\" height=\"905\" srcset=\"https:\/\/www2.unifap.br\/ppgef\/files\/2019\/06\/WhatsApp-Image-2019-06-21-at-07.31.05.jpeg 724w, https:\/\/www2.unifap.br\/ppgef\/files\/2019\/06\/WhatsApp-Image-2019-06-21-at-07.31.05-212x300.jpeg 212w\" sizes=\"(max-width: 640px) 100vw, 640px\" \/><\/a><\/p>\n","protected":false},"excerpt":{"rendered":"<p>O Programa de P\u00f3s-Gradua\u00e7\u00e3o em Estudos de Fronteira (PPGEF) e o Programa de Apoio a Migrantes e Refugiados (PAMER) da Universidade Federal do Amap\u00e1 (Unifap) organizam mesa &#8220;Mulheres migrantes&#8221;, em alus\u00e3o ao dia 20 de junho, dia Mundial do Refugiado, criado pela Organiza\u00e7\u00e3o das Na\u00e7\u00f5es Unidas (ONU) em 2000, atrav\u00e9s da ag\u00eancia do Alto Comissariado&#8230;<\/p>\n","protected":false},"author":976,"featured_media":0,"comment_status":"closed","ping_status":"open","sticky":false,"template":"","format":"standard","meta":{"inline_featured_image":false,"site-sidebar-layout":"default","site-content-layout":"","ast-site-content-layout":"default","site-content-style":"default","site-sidebar-style":"default","ast-global-header-display":"","ast-banner-title-visibility":"","ast-main-header-display":"","ast-hfb-above-header-display":"","ast-hfb-below-header-display":"","ast-hfb-mobile-header-display":"","site-post-title":"","ast-breadcrumbs-content":"","ast-featured-img":"","footer-sml-layout":"","theme-transparent-header-meta":"","adv-header-id-meta":"","stick-header-meta":"","header-above-stick-meta":"","header-main-stick-meta":"","header-below-stick-meta":"","astra-migrate-meta-layouts":"default","ast-page-background-enabled":"default","ast-page-background-meta":{"desktop":{"background-color":"var(--ast-global-color-4)","background-image":"","background-repeat":"repeat","background-position":"center center","background-size":"auto","background-attachment":"scroll","background-type":"","background-media":"","overlay-type":"","overlay-color":"","overlay-opacity":"","overlay-gradient":""},"tablet":{"background-color":"","background-image":"","background-repeat":"repeat","background-position":"center center","background-size":"auto","background-attachment":"scroll","background-type":"","background-media":"","overlay-type":"","overlay-color":"","overlay-opacity":"","overlay-gradient":""},"mobile":{"background-color":"","background-image":"","background-repeat":"repeat","background-position":"center center","background-size":"auto","background-attachment":"scroll","background-type":"","background-media":"","overlay-type":"","overlay-color":"","overlay-opacity":"","overlay-gradient":""}},"ast-content-background-meta":{"desktop":{"background-color":"var(--ast-global-color-5)","background-image":"","background-repeat":"repeat","background-position":"center center","background-size":"auto","background-attachment":"scroll","background-type":"","background-media":"","overlay-type":"","overlay-color":"","overlay-opacity":"","overlay-gradient":""},"tablet":{"background-color":"var(--ast-global-color-5)","background-image":"","background-repeat":"repeat","background-position":"center center","background-size":"auto","background-attachment":"scroll","background-type":"","background-media":"","overlay-type":"","overlay-color":"","overlay-opacity":"","overlay-gradient":""},"mobile":{"background-color":"var(--ast-global-color-5)","background-image":"","background-repeat":"repeat","background-position":"center center","background-size":"auto","background-attachment":"scroll","background-type":"","background-media":"","overlay-type":"","overlay-color":"","overlay-opacity":"","overlay-gradient":""}},"ngg_post_thumbnail":0,"footnotes":""},"categories":[5],"tags":[10,6,9],"class_list":["post-1285","post","type-post","status-publish","format-standard","hentry","category-eventos","tag-debate","tag-evento","tag-mesa"],"_links":{"self":[{"href":"https:\/\/www2.unifap.br\/ppgef\/wp-json\/wp\/v2\/posts\/1285","targetHints":{"allow":["GET"]}}],"collection":[{"href":"https:\/\/www2.unifap.br\/ppgef\/wp-json\/wp\/v2\/posts"}],"about":[{"href":"https:\/\/www2.unifap.br\/ppgef\/wp-json\/wp\/v2\/types\/post"}],"author":[{"embeddable":true,"href":"https:\/\/www2.unifap.br\/ppgef\/wp-json\/wp\/v2\/users\/976"}],"replies":[{"embeddable":true,"href":"https:\/\/www2.unifap.br\/ppgef\/wp-json\/wp\/v2\/comments?post=1285"}],"version-history":[{"count":3,"href":"https:\/\/www2.unifap.br\/ppgef\/wp-json\/wp\/v2\/posts\/1285\/revisions"}],"predecessor-version":[{"id":1289,"href":"https:\/\/www2.unifap.br\/ppgef\/wp-json\/wp\/v2\/posts\/1285\/revisions\/1289"}],"wp:attachment":[{"href":"https:\/\/www2.unifap.br\/ppgef\/wp-json\/wp\/v2\/media?parent=1285"}],"wp:term":[{"taxonomy":"category","embeddable":true,"href":"https:\/\/www2.unifap.br\/ppgef\/wp-json\/wp\/v2\/categories?post=1285"},{"taxonomy":"post_tag","embeddable":true,"href":"https:\/\/www2.unifap.br\/ppgef\/wp-json\/wp\/v2\/tags?post=1285"}],"curies":[{"name":"wp","href":"https:\/\/api.w.org\/{rel}","templated":true}]}}