{"id":1518,"date":"2019-10-01T13:10:43","date_gmt":"2019-10-01T13:10:43","guid":{"rendered":"http:\/\/www2.unifap.br\/ppgef\/?p=1518"},"modified":"2019-10-01T13:43:14","modified_gmt":"2019-10-01T13:43:14","slug":"entrevista-para-a-radio-camoes","status":"publish","type":"post","link":"https:\/\/www2.unifap.br\/ppgef\/2019\/10\/01\/entrevista-para-a-radio-camoes\/","title":{"rendered":"F\u00f3rum de Migra\u00e7\u00e3o Haitiana no Mundo"},"content":{"rendered":"<p>O professor Dr. Handerson Joseph, Coordenador do Programa de P\u00f3s-Gradua\u00e7\u00e3o, participou no \u00faltimo dia 26 de setembro do &#8220;F\u00f3rum de migra\u00e7\u00e3o haitiana no mundo&#8221;, organizado por Piuma, movendo-se para o mundo, espa\u00e7o migrante, UFGD BRASIL,na faculdade de ci\u00eancias sociais e pol\u00edticas da Universidade Aut\u00f3noma de baixa Calif\u00f3rnia.<\/p>\n<p style=\"text-align: center\"><a href=\"http:\/\/www2.unifap.br\/ppgef\/2019\/10\/01\/entrevista-para-a-radio-camoes\/whatsapp-image-2019-09-25-at-10-14-57\/#main\" rel=\"attachment wp-att-1523\"><img fetchpriority=\"high\" decoding=\"async\" class=\"alignnone size-large wp-image-1523\" src=\"http:\/\/www2.unifap.br\/ppgef\/files\/2019\/10\/WhatsApp-Image-2019-09-25-at-10.14.57-791x1024.jpeg\" alt=\"\" width=\"640\" height=\"829\" srcset=\"https:\/\/www2.unifap.br\/ppgef\/files\/2019\/10\/WhatsApp-Image-2019-09-25-at-10.14.57-791x1024.jpeg 791w, https:\/\/www2.unifap.br\/ppgef\/files\/2019\/10\/WhatsApp-Image-2019-09-25-at-10.14.57-232x300.jpeg 232w, https:\/\/www2.unifap.br\/ppgef\/files\/2019\/10\/WhatsApp-Image-2019-09-25-at-10.14.57-768x994.jpeg 768w, https:\/\/www2.unifap.br\/ppgef\/files\/2019\/10\/WhatsApp-Image-2019-09-25-at-10.14.57.jpeg 816w\" sizes=\"(max-width: 640px) 100vw, 640px\" \/><\/a> <a href=\"http:\/\/www2.unifap.br\/ppgef\/2019\/10\/01\/entrevista-para-a-radio-camoes\/whatsapp-image-2019-09-25-at-10-14-27\/#main\" rel=\"attachment wp-att-1524\"><img decoding=\"async\" class=\"alignnone size-large wp-image-1524\" src=\"http:\/\/www2.unifap.br\/ppgef\/files\/2019\/10\/WhatsApp-Image-2019-09-25-at-10.14.27-791x1024.jpeg\" alt=\"\" width=\"640\" height=\"829\" srcset=\"https:\/\/www2.unifap.br\/ppgef\/files\/2019\/10\/WhatsApp-Image-2019-09-25-at-10.14.27-791x1024.jpeg 791w, https:\/\/www2.unifap.br\/ppgef\/files\/2019\/10\/WhatsApp-Image-2019-09-25-at-10.14.27-232x300.jpeg 232w, https:\/\/www2.unifap.br\/ppgef\/files\/2019\/10\/WhatsApp-Image-2019-09-25-at-10.14.27-768x994.jpeg 768w, https:\/\/www2.unifap.br\/ppgef\/files\/2019\/10\/WhatsApp-Image-2019-09-25-at-10.14.27.jpeg 816w\" sizes=\"(max-width: 640px) 100vw, 640px\" \/><\/a><\/p>\n","protected":false},"excerpt":{"rendered":"<p>O professor Dr. Handerson Joseph, Coordenador do Programa de P\u00f3s-Gradua\u00e7\u00e3o, participou no \u00faltimo dia 26 de setembro do &#8220;F\u00f3rum de migra\u00e7\u00e3o haitiana no mundo&#8221;, organizado por Piuma, movendo-se para o mundo, espa\u00e7o migrante, UFGD BRASIL,na faculdade de ci\u00eancias sociais e pol\u00edticas da Universidade Aut\u00f3noma de baixa Calif\u00f3rnia.<\/p>\n","protected":false},"author":976,"featured_media":0,"comment_status":"closed","ping_status":"open","sticky":false,"template":"","format":"standard","meta":{"inline_featured_image":false,"site-sidebar-layout":"default","site-content-layout":"","ast-site-content-layout":"default","site-content-style":"default","site-sidebar-style":"default","ast-global-header-display":"","ast-banner-title-visibility":"","ast-main-header-display":"","ast-hfb-above-header-display":"","ast-hfb-below-header-display":"","ast-hfb-mobile-header-display":"","site-post-title":"","ast-breadcrumbs-content":"","ast-featured-img":"","footer-sml-layout":"","theme-transparent-header-meta":"","adv-header-id-meta":"","stick-header-meta":"","header-above-stick-meta":"","header-main-stick-meta":"","header-below-stick-meta":"","astra-migrate-meta-layouts":"default","ast-page-background-enabled":"default","ast-page-background-meta":{"desktop":{"background-color":"var(--ast-global-color-4)","background-image":"","background-repeat":"repeat","background-position":"center center","background-size":"auto","background-attachment":"scroll","background-type":"","background-media":"","overlay-type":"","overlay-color":"","overlay-opacity":"","overlay-gradient":""},"tablet":{"background-color":"","background-image":"","background-repeat":"repeat","background-position":"center center","background-size":"auto","background-attachment":"scroll","background-type":"","background-media":"","overlay-type":"","overlay-color":"","overlay-opacity":"","overlay-gradient":""},"mobile":{"background-color":"","background-image":"","background-repeat":"repeat","background-position":"center center","background-size":"auto","background-attachment":"scroll","background-type":"","background-media":"","overlay-type":"","overlay-color":"","overlay-opacity":"","overlay-gradient":""}},"ast-content-background-meta":{"desktop":{"background-color":"var(--ast-global-color-5)","background-image":"","background-repeat":"repeat","background-position":"center center","background-size":"auto","background-attachment":"scroll","background-type":"","background-media":"","overlay-type":"","overlay-color":"","overlay-opacity":"","overlay-gradient":""},"tablet":{"background-color":"var(--ast-global-color-5)","background-image":"","background-repeat":"repeat","background-position":"center center","background-size":"auto","background-attachment":"scroll","background-type":"","background-media":"","overlay-type":"","overlay-color":"","overlay-opacity":"","overlay-gradient":""},"mobile":{"background-color":"var(--ast-global-color-5)","background-image":"","background-repeat":"repeat","background-position":"center center","background-size":"auto","background-attachment":"scroll","background-type":"","background-media":"","overlay-type":"","overlay-color":"","overlay-opacity":"","overlay-gradient":""}},"ngg_post_thumbnail":0,"footnotes":""},"categories":[5],"tags":[16,6],"class_list":["post-1518","post","type-post","status-publish","format-standard","hentry","category-eventos","tag-entrevista","tag-evento"],"_links":{"self":[{"href":"https:\/\/www2.unifap.br\/ppgef\/wp-json\/wp\/v2\/posts\/1518","targetHints":{"allow":["GET"]}}],"collection":[{"href":"https:\/\/www2.unifap.br\/ppgef\/wp-json\/wp\/v2\/posts"}],"about":[{"href":"https:\/\/www2.unifap.br\/ppgef\/wp-json\/wp\/v2\/types\/post"}],"author":[{"embeddable":true,"href":"https:\/\/www2.unifap.br\/ppgef\/wp-json\/wp\/v2\/users\/976"}],"replies":[{"embeddable":true,"href":"https:\/\/www2.unifap.br\/ppgef\/wp-json\/wp\/v2\/comments?post=1518"}],"version-history":[{"count":4,"href":"https:\/\/www2.unifap.br\/ppgef\/wp-json\/wp\/v2\/posts\/1518\/revisions"}],"predecessor-version":[{"id":1525,"href":"https:\/\/www2.unifap.br\/ppgef\/wp-json\/wp\/v2\/posts\/1518\/revisions\/1525"}],"wp:attachment":[{"href":"https:\/\/www2.unifap.br\/ppgef\/wp-json\/wp\/v2\/media?parent=1518"}],"wp:term":[{"taxonomy":"category","embeddable":true,"href":"https:\/\/www2.unifap.br\/ppgef\/wp-json\/wp\/v2\/categories?post=1518"},{"taxonomy":"post_tag","embeddable":true,"href":"https:\/\/www2.unifap.br\/ppgef\/wp-json\/wp\/v2\/tags?post=1518"}],"curies":[{"name":"wp","href":"https:\/\/api.w.org\/{rel}","templated":true}]}}