{"id":1534,"date":"2019-10-09T13:28:43","date_gmt":"2019-10-09T13:28:43","guid":{"rendered":"http:\/\/www2.unifap.br\/ppgef\/?p=1534"},"modified":"2019-10-09T13:28:43","modified_gmt":"2019-10-09T13:28:43","slug":"palestras-do-sari-semana-academica-de-relacoes-internacionais","status":"publish","type":"post","link":"https:\/\/www2.unifap.br\/ppgef\/2019\/10\/09\/palestras-do-sari-semana-academica-de-relacoes-internacionais\/","title":{"rendered":"Palestras do SARI &#8211;  Semana Acad\u00eamica de Rela\u00e7\u00f5es Internacionais."},"content":{"rendered":"<p>No dia 26 de Setembro, ocorreu o ultimo ciclo de palestras do SARI &#8211; Semana Acad\u00eamica de Rela\u00e7\u00f5es Internacionais. No qual Brenda Farias, L\u00edvia Verena, D\u00e1bila Brito, J\u00e9ssica Mayara e Ediane Gomes explanaram um pouco sobre suas pesquisas.<br \/>\nEssas que fazem parte do programa de P\u00f3s-gradua\u00e7\u00e3o em Estudos de Fronteiras (PPGEF), al\u00e9m do PAMER &#8211; (Programa de Apoio a migrantes e Refugiados) e o POTEDES- Grupo de pesquisa em Politicas, Territ\u00f3rio e Desenvolvimento.Trataram sobre : &#8220;A Migra\u00e7\u00e3o no Mundo Contempor\u00e2neo&#8221; e sobre &#8220;O impacto da pesquisa na Trajet\u00f3ria Acad\u00eamica&#8221;<\/p>\n<figure id=\"attachment_1535\" aria-describedby=\"caption-attachment-1535\" style=\"width: 640px\" class=\"wp-caption aligncenter\"><a href=\"http:\/\/www2.unifap.br\/ppgef\/2019\/10\/09\/palestras-do-sari-semana-academica-de-relacoes-internacionais\/whatsapp-image-2019-10-09-at-09-36-52-1\/#main\" rel=\"attachment wp-att-1535\"><img fetchpriority=\"high\" decoding=\"async\" class=\"wp-image-1535 size-large\" src=\"http:\/\/www2.unifap.br\/ppgef\/files\/2019\/10\/WhatsApp-Image-2019-10-09-at-09.36.52-1-1024x768.jpeg\" alt=\"\" width=\"640\" height=\"480\" srcset=\"https:\/\/www2.unifap.br\/ppgef\/files\/2019\/10\/WhatsApp-Image-2019-10-09-at-09.36.52-1-1024x768.jpeg 1024w, https:\/\/www2.unifap.br\/ppgef\/files\/2019\/10\/WhatsApp-Image-2019-10-09-at-09.36.52-1-300x225.jpeg 300w, https:\/\/www2.unifap.br\/ppgef\/files\/2019\/10\/WhatsApp-Image-2019-10-09-at-09.36.52-1-768x576.jpeg 768w, https:\/\/www2.unifap.br\/ppgef\/files\/2019\/10\/WhatsApp-Image-2019-10-09-at-09.36.52-1.jpeg 1280w\" sizes=\"(max-width: 640px) 100vw, 640px\" \/><\/a><figcaption id=\"caption-attachment-1535\" class=\"wp-caption-text\">Foto 1: Bruna Bastos (Bacharel em Rela\u00e7\u00f5es Internacionais), J\u00e9ssica Mayara (Mestranda pelo ppgef) , D\u00e1bila Brito (mestranda pelo ppgef), Brenda Farias(Mestre em Estudos de Fronteiras) e Ediane Gomes ( Bacharel em Rela\u00e7\u00f5es Internacionais).<\/figcaption><\/figure>\n<p>&nbsp;<\/p>\n<figure id=\"attachment_1537\" aria-describedby=\"caption-attachment-1537\" style=\"width: 640px\" class=\"wp-caption aligncenter\"><a href=\"http:\/\/www2.unifap.br\/ppgef\/2019\/10\/09\/palestras-do-sari-semana-academica-de-relacoes-internacionais\/whatsapp-image-2019-10-09-at-09-34-16-3\/#main\" rel=\"attachment wp-att-1537\"><img decoding=\"async\" class=\"wp-image-1537 size-large\" src=\"http:\/\/www2.unifap.br\/ppgef\/files\/2019\/10\/WhatsApp-Image-2019-10-09-at-09.34.16-3-1024x768.jpeg\" alt=\"\" width=\"640\" height=\"480\" srcset=\"https:\/\/www2.unifap.br\/ppgef\/files\/2019\/10\/WhatsApp-Image-2019-10-09-at-09.34.16-3-1024x768.jpeg 1024w, https:\/\/www2.unifap.br\/ppgef\/files\/2019\/10\/WhatsApp-Image-2019-10-09-at-09.34.16-3-300x225.jpeg 300w, https:\/\/www2.unifap.br\/ppgef\/files\/2019\/10\/WhatsApp-Image-2019-10-09-at-09.34.16-3-768x576.jpeg 768w, https:\/\/www2.unifap.br\/ppgef\/files\/2019\/10\/WhatsApp-Image-2019-10-09-at-09.34.16-3.jpeg 1032w\" sizes=\"(max-width: 640px) 100vw, 640px\" \/><\/a><figcaption id=\"caption-attachment-1537\" class=\"wp-caption-text\">Foto 2: L\u00edvia Verena( Mestre em Estudos de Fronteiras), Brenda Farias, D\u00e1bila Brito, e Ediane Gomes<\/figcaption><\/figure>\n<p>&nbsp;<\/p>\n<figure id=\"attachment_1538\" aria-describedby=\"caption-attachment-1538\" style=\"width: 640px\" class=\"wp-caption aligncenter\"><a href=\"http:\/\/www2.unifap.br\/ppgef\/2019\/10\/09\/palestras-do-sari-semana-academica-de-relacoes-internacionais\/whatsapp-image-2019-10-09-at-09-34-16-2\/#main\" rel=\"attachment wp-att-1538\"><img decoding=\"async\" class=\"wp-image-1538 size-large\" src=\"http:\/\/www2.unifap.br\/ppgef\/files\/2019\/10\/WhatsApp-Image-2019-10-09-at-09.34.16-2-1024x768.jpeg\" alt=\"\" width=\"640\" height=\"480\" srcset=\"https:\/\/www2.unifap.br\/ppgef\/files\/2019\/10\/WhatsApp-Image-2019-10-09-at-09.34.16-2-1024x768.jpeg 1024w, https:\/\/www2.unifap.br\/ppgef\/files\/2019\/10\/WhatsApp-Image-2019-10-09-at-09.34.16-2-300x225.jpeg 300w, https:\/\/www2.unifap.br\/ppgef\/files\/2019\/10\/WhatsApp-Image-2019-10-09-at-09.34.16-2-768x576.jpeg 768w, https:\/\/www2.unifap.br\/ppgef\/files\/2019\/10\/WhatsApp-Image-2019-10-09-at-09.34.16-2.jpeg 1040w\" sizes=\"(max-width: 640px) 100vw, 640px\" \/><\/a><figcaption id=\"caption-attachment-1538\" class=\"wp-caption-text\">Foto 3: Brenda Farias, D\u00e1bila Brito, L\u00edvia Verena e Ediane Gomes<\/figcaption><\/figure>\n<p>&nbsp;<\/p>\n","protected":false},"excerpt":{"rendered":"<p>No dia 26 de Setembro, ocorreu o ultimo ciclo de palestras do SARI &#8211; Semana Acad\u00eamica de Rela\u00e7\u00f5es Internacionais. No qual Brenda Farias, L\u00edvia Verena, D\u00e1bila Brito, J\u00e9ssica Mayara e Ediane Gomes explanaram um pouco sobre suas pesquisas. Essas que fazem parte do programa de P\u00f3s-gradua\u00e7\u00e3o em Estudos de Fronteiras (PPGEF), al\u00e9m do PAMER &#8211;&#8230;<\/p>\n","protected":false},"author":976,"featured_media":0,"comment_status":"closed","ping_status":"open","sticky":false,"template":"","format":"standard","meta":{"inline_featured_image":false,"site-sidebar-layout":"default","site-content-layout":"","ast-site-content-layout":"default","site-content-style":"default","site-sidebar-style":"default","ast-global-header-display":"","ast-banner-title-visibility":"","ast-main-header-display":"","ast-hfb-above-header-display":"","ast-hfb-below-header-display":"","ast-hfb-mobile-header-display":"","site-post-title":"","ast-breadcrumbs-content":"","ast-featured-img":"","footer-sml-layout":"","theme-transparent-header-meta":"","adv-header-id-meta":"","stick-header-meta":"","header-above-stick-meta":"","header-main-stick-meta":"","header-below-stick-meta":"","astra-migrate-meta-layouts":"default","ast-page-background-enabled":"default","ast-page-background-meta":{"desktop":{"background-color":"var(--ast-global-color-4)","background-image":"","background-repeat":"repeat","background-position":"center center","background-size":"auto","background-attachment":"scroll","background-type":"","background-media":"","overlay-type":"","overlay-color":"","overlay-opacity":"","overlay-gradient":""},"tablet":{"background-color":"","background-image":"","background-repeat":"repeat","background-position":"center center","background-size":"auto","background-attachment":"scroll","background-type":"","background-media":"","overlay-type":"","overlay-color":"","overlay-opacity":"","overlay-gradient":""},"mobile":{"background-color":"","background-image":"","background-repeat":"repeat","background-position":"center center","background-size":"auto","background-attachment":"scroll","background-type":"","background-media":"","overlay-type":"","overlay-color":"","overlay-opacity":"","overlay-gradient":""}},"ast-content-background-meta":{"desktop":{"background-color":"var(--ast-global-color-5)","background-image":"","background-repeat":"repeat","background-position":"center center","background-size":"auto","background-attachment":"scroll","background-type":"","background-media":"","overlay-type":"","overlay-color":"","overlay-opacity":"","overlay-gradient":""},"tablet":{"background-color":"var(--ast-global-color-5)","background-image":"","background-repeat":"repeat","background-position":"center center","background-size":"auto","background-attachment":"scroll","background-type":"","background-media":"","overlay-type":"","overlay-color":"","overlay-opacity":"","overlay-gradient":""},"mobile":{"background-color":"var(--ast-global-color-5)","background-image":"","background-repeat":"repeat","background-position":"center center","background-size":"auto","background-attachment":"scroll","background-type":"","background-media":"","overlay-type":"","overlay-color":"","overlay-opacity":"","overlay-gradient":""}},"ngg_post_thumbnail":0,"footnotes":""},"categories":[5],"tags":[],"class_list":["post-1534","post","type-post","status-publish","format-standard","hentry","category-eventos"],"_links":{"self":[{"href":"https:\/\/www2.unifap.br\/ppgef\/wp-json\/wp\/v2\/posts\/1534","targetHints":{"allow":["GET"]}}],"collection":[{"href":"https:\/\/www2.unifap.br\/ppgef\/wp-json\/wp\/v2\/posts"}],"about":[{"href":"https:\/\/www2.unifap.br\/ppgef\/wp-json\/wp\/v2\/types\/post"}],"author":[{"embeddable":true,"href":"https:\/\/www2.unifap.br\/ppgef\/wp-json\/wp\/v2\/users\/976"}],"replies":[{"embeddable":true,"href":"https:\/\/www2.unifap.br\/ppgef\/wp-json\/wp\/v2\/comments?post=1534"}],"version-history":[{"count":3,"href":"https:\/\/www2.unifap.br\/ppgef\/wp-json\/wp\/v2\/posts\/1534\/revisions"}],"predecessor-version":[{"id":1543,"href":"https:\/\/www2.unifap.br\/ppgef\/wp-json\/wp\/v2\/posts\/1534\/revisions\/1543"}],"wp:attachment":[{"href":"https:\/\/www2.unifap.br\/ppgef\/wp-json\/wp\/v2\/media?parent=1534"}],"wp:term":[{"taxonomy":"category","embeddable":true,"href":"https:\/\/www2.unifap.br\/ppgef\/wp-json\/wp\/v2\/categories?post=1534"},{"taxonomy":"post_tag","embeddable":true,"href":"https:\/\/www2.unifap.br\/ppgef\/wp-json\/wp\/v2\/tags?post=1534"}],"curies":[{"name":"wp","href":"https:\/\/api.w.org\/{rel}","templated":true}]}}