{"id":1555,"date":"2019-10-16T13:15:29","date_gmt":"2019-10-16T13:15:29","guid":{"rendered":"http:\/\/www2.unifap.br\/ppgef\/?p=1555"},"modified":"2019-10-16T13:15:29","modified_gmt":"2019-10-16T13:15:29","slug":"interamazonias-uma-fronteira-musical","status":"publish","type":"post","link":"https:\/\/www2.unifap.br\/ppgef\/2019\/10\/16\/interamazonias-uma-fronteira-musical\/","title":{"rendered":"INTERAMAZ\u00d4NIAS : UMA FRONTEIRA MUSICAL"},"content":{"rendered":"<p>Hoje acontece a apresenta\u00e7\u00e3o do document\u00e1rio &#8221; Inter Amazonias &#8211; Uma Fronteira Musical&#8221; este que o produto final da Mestra Clic\u00eda Vieira di Miceli, na qual fez parte do Programa de P\u00f3s-Gradua\u00e7\u00e3o em Estudos de Fronteiras &#8211; turma 2017.<br \/>\nA apresenta\u00e7\u00e3o ocorrer\u00e1 na<strong> Universidade da Guyana as 16h.<\/strong><\/p>\n<p><a href=\"http:\/\/www2.unifap.br\/ppgef\/2019\/10\/16\/interamazonias-uma-fronteira-musical\/whatsapp-image-2019-10-16-at-09-30-04\/#main\" rel=\"attachment wp-att-1556\"><img fetchpriority=\"high\" decoding=\"async\" class=\"size-large wp-image-1556 aligncenter\" src=\"http:\/\/www2.unifap.br\/ppgef\/files\/2019\/10\/WhatsApp-Image-2019-10-16-at-09.30.04-1024x720.jpeg\" alt=\"\" width=\"640\" height=\"450\" srcset=\"https:\/\/www2.unifap.br\/ppgef\/files\/2019\/10\/WhatsApp-Image-2019-10-16-at-09.30.04-1024x720.jpeg 1024w, https:\/\/www2.unifap.br\/ppgef\/files\/2019\/10\/WhatsApp-Image-2019-10-16-at-09.30.04-300x211.jpeg 300w, https:\/\/www2.unifap.br\/ppgef\/files\/2019\/10\/WhatsApp-Image-2019-10-16-at-09.30.04-768x540.jpeg 768w, https:\/\/www2.unifap.br\/ppgef\/files\/2019\/10\/WhatsApp-Image-2019-10-16-at-09.30.04-250x175.jpeg 250w, https:\/\/www2.unifap.br\/ppgef\/files\/2019\/10\/WhatsApp-Image-2019-10-16-at-09.30.04.jpeg 1280w\" sizes=\"(max-width: 640px) 100vw, 640px\" \/><\/a><\/p>\n","protected":false},"excerpt":{"rendered":"<p>Hoje acontece a apresenta\u00e7\u00e3o do document\u00e1rio &#8221; Inter Amazonias &#8211; Uma Fronteira Musical&#8221; este que o produto final da Mestra Clic\u00eda Vieira di Miceli, na qual fez parte do Programa de P\u00f3s-Gradua\u00e7\u00e3o em Estudos de Fronteiras &#8211; turma 2017. A apresenta\u00e7\u00e3o ocorrer\u00e1 na Universidade da Guyana as 16h.<\/p>\n","protected":false},"author":976,"featured_media":0,"comment_status":"closed","ping_status":"open","sticky":false,"template":"","format":"standard","meta":{"inline_featured_image":false,"site-sidebar-layout":"default","site-content-layout":"","ast-site-content-layout":"default","site-content-style":"default","site-sidebar-style":"default","ast-global-header-display":"","ast-banner-title-visibility":"","ast-main-header-display":"","ast-hfb-above-header-display":"","ast-hfb-below-header-display":"","ast-hfb-mobile-header-display":"","site-post-title":"","ast-breadcrumbs-content":"","ast-featured-img":"","footer-sml-layout":"","theme-transparent-header-meta":"","adv-header-id-meta":"","stick-header-meta":"","header-above-stick-meta":"","header-main-stick-meta":"","header-below-stick-meta":"","astra-migrate-meta-layouts":"default","ast-page-background-enabled":"default","ast-page-background-meta":{"desktop":{"background-color":"var(--ast-global-color-4)","background-image":"","background-repeat":"repeat","background-position":"center center","background-size":"auto","background-attachment":"scroll","background-type":"","background-media":"","overlay-type":"","overlay-color":"","overlay-opacity":"","overlay-gradient":""},"tablet":{"background-color":"","background-image":"","background-repeat":"repeat","background-position":"center center","background-size":"auto","background-attachment":"scroll","background-type":"","background-media":"","overlay-type":"","overlay-color":"","overlay-opacity":"","overlay-gradient":""},"mobile":{"background-color":"","background-image":"","background-repeat":"repeat","background-position":"center center","background-size":"auto","background-attachment":"scroll","background-type":"","background-media":"","overlay-type":"","overlay-color":"","overlay-opacity":"","overlay-gradient":""}},"ast-content-background-meta":{"desktop":{"background-color":"var(--ast-global-color-5)","background-image":"","background-repeat":"repeat","background-position":"center center","background-size":"auto","background-attachment":"scroll","background-type":"","background-media":"","overlay-type":"","overlay-color":"","overlay-opacity":"","overlay-gradient":""},"tablet":{"background-color":"var(--ast-global-color-5)","background-image":"","background-repeat":"repeat","background-position":"center center","background-size":"auto","background-attachment":"scroll","background-type":"","background-media":"","overlay-type":"","overlay-color":"","overlay-opacity":"","overlay-gradient":""},"mobile":{"background-color":"var(--ast-global-color-5)","background-image":"","background-repeat":"repeat","background-position":"center center","background-size":"auto","background-attachment":"scroll","background-type":"","background-media":"","overlay-type":"","overlay-color":"","overlay-opacity":"","overlay-gradient":""}},"ngg_post_thumbnail":0,"footnotes":""},"categories":[17,18,5],"tags":[],"class_list":["post-1555","post","type-post","status-publish","format-standard","hentry","category-apresentacao","category-documentario","category-eventos"],"_links":{"self":[{"href":"https:\/\/www2.unifap.br\/ppgef\/wp-json\/wp\/v2\/posts\/1555","targetHints":{"allow":["GET"]}}],"collection":[{"href":"https:\/\/www2.unifap.br\/ppgef\/wp-json\/wp\/v2\/posts"}],"about":[{"href":"https:\/\/www2.unifap.br\/ppgef\/wp-json\/wp\/v2\/types\/post"}],"author":[{"embeddable":true,"href":"https:\/\/www2.unifap.br\/ppgef\/wp-json\/wp\/v2\/users\/976"}],"replies":[{"embeddable":true,"href":"https:\/\/www2.unifap.br\/ppgef\/wp-json\/wp\/v2\/comments?post=1555"}],"version-history":[{"count":2,"href":"https:\/\/www2.unifap.br\/ppgef\/wp-json\/wp\/v2\/posts\/1555\/revisions"}],"predecessor-version":[{"id":1558,"href":"https:\/\/www2.unifap.br\/ppgef\/wp-json\/wp\/v2\/posts\/1555\/revisions\/1558"}],"wp:attachment":[{"href":"https:\/\/www2.unifap.br\/ppgef\/wp-json\/wp\/v2\/media?parent=1555"}],"wp:term":[{"taxonomy":"category","embeddable":true,"href":"https:\/\/www2.unifap.br\/ppgef\/wp-json\/wp\/v2\/categories?post=1555"},{"taxonomy":"post_tag","embeddable":true,"href":"https:\/\/www2.unifap.br\/ppgef\/wp-json\/wp\/v2\/tags?post=1555"}],"curies":[{"name":"wp","href":"https:\/\/api.w.org\/{rel}","templated":true}]}}