{"id":610,"date":"2021-10-14T15:33:31","date_gmt":"2021-10-14T15:33:31","guid":{"rendered":"http:\/\/www2.unifap.br\/ppgh\/?p=610"},"modified":"2021-10-14T15:33:31","modified_gmt":"2021-10-14T15:33:31","slug":"oferta-de-vaga-para-alunoa-especial-topicos-especiais-em-historia-social-ii","status":"publish","type":"post","link":"https:\/\/www2.unifap.br\/ppgh\/oferta-de-vaga-para-alunoa-especial-topicos-especiais-em-historia-social-ii\/","title":{"rendered":"OFERTA DE VAGA PARA ALUNO(A) ESPECIAL: T\u00f3picos Especiais em Hist\u00f3ria Social II"},"content":{"rendered":"<p><b>Semestre Letivo 2021.1&nbsp;<\/b>(18\/10\/2021 a 12\/02\/2022)<\/p>\r\n<p>Disciplina:&nbsp;<b>T\u00f3picos Especiais em Hist\u00f3ria Social II (60h)<\/b><\/p>\r\n<p>Docente:&nbsp;<b>Dr.&nbsp;Marcos Vinicius&nbsp;de&nbsp;Freitas&nbsp;Reis<\/b><\/p>\r\n<p><b>&nbsp;<\/b><\/p>\r\n<p>Abaixo, segue a lista dos(as) que tiveram suas solicita\u00e7\u00f5es de matr\u00edcula como alunos(as) especiais deferidas:<\/p>\r\n<p><b>&nbsp;<\/b><\/p>\r\n<p>Alysson Brabo Antero<\/p>\r\n<p>Maria de Lourdes Sanches Vulc\u00e3o.<\/p>\r\n<p>Cl\u00e1udia Cristina da Concei\u00e7\u00e3o Santos<\/p>\r\n<p>William Braga Nascimento<\/p>\r\n<p>Gustavo Albuquerque Germano dos Santos<\/p>\r\n<p>Gl\u00e1ucio da Gama Fernandes<\/p>\r\n<p>Magno Carvalho<\/p>\r\n<p>Renato Alhadas<\/p>\r\n<p><b>&nbsp;<\/b><\/p>\r\n<p>Obs.: os(as) alunos(as) especiais receber\u00e3o via e-mail a confirma\u00e7\u00e3o da data de in\u00edcio da disciplina e o link de acesso ao ambiente virtual da primeira aula.<\/p>\r\n<p>&nbsp;<\/p>\r\n<p><a href=\"http:\/\/www2.unifap.br\/ppgh\/oferta-de-vaga-para-alunoa-especial-topicos-especiais-em-historia-social-ii\/lista-de-solicitacoes-de-matricula-como-aluno-especial-deferidas_-historia-social-ii\/\" rel=\"attachment wp-att-626\">PDF: LISTA DE SOLICITA\u00c7\u00d5ES DE MATR\u00cdCULA COMO ALUNO ESPECIAL DEFERIDAS &#8211; HIST\u00d3RIA SOCIAL II<\/a><\/p>\r\n","protected":false},"excerpt":{"rendered":"<p>Semestre Letivo 2021.1&nbsp;(18\/10\/2021 a 12\/02\/2022) Disciplina:&nbsp;T\u00f3picos Especiais em Hist\u00f3ria Social II (60h) Docente:&nbsp;Dr.&nbsp;Marcos Vinicius&nbsp;de&nbsp;Freitas&nbsp;Reis &nbsp; Abaixo, segue a lista dos(as) que tiveram suas solicita\u00e7\u00f5es de matr\u00edcula como alunos(as) especiais deferidas: &nbsp; Alysson Brabo Antero Maria de Lourdes Sanches Vulc\u00e3o. Cl\u00e1udia Cristina da Concei\u00e7\u00e3o Santos William Braga Nascimento Gustavo Albuquerque Germano dos Santos Gl\u00e1ucio da Gama&#8230;<\/p>\n","protected":false},"author":815,"featured_media":0,"comment_status":"open","ping_status":"open","sticky":false,"template":"","format":"standard","meta":{"inline_featured_image":false,"site-sidebar-layout":"default","site-content-layout":"","ast-site-content-layout":"default","site-content-style":"default","site-sidebar-style":"default","ast-global-header-display":"","ast-banner-title-visibility":"","ast-main-header-display":"","ast-hfb-above-header-display":"","ast-hfb-below-header-display":"","ast-hfb-mobile-header-display":"","site-post-title":"","ast-breadcrumbs-content":"","ast-featured-img":"","footer-sml-layout":"","theme-transparent-header-meta":"","adv-header-id-meta":"","stick-header-meta":"","header-above-stick-meta":"","header-main-stick-meta":"","header-below-stick-meta":"","astra-migrate-meta-layouts":"default","ast-page-background-enabled":"default","ast-page-background-meta":{"desktop":{"background-color":"var(--ast-global-color-4)","background-image":"","background-repeat":"repeat","background-position":"center center","background-size":"auto","background-attachment":"scroll","background-type":"","background-media":"","overlay-type":"","overlay-color":"","overlay-opacity":"","overlay-gradient":""},"tablet":{"background-color":"","background-image":"","background-repeat":"repeat","background-position":"center center","background-size":"auto","background-attachment":"scroll","background-type":"","background-media":"","overlay-type":"","overlay-color":"","overlay-opacity":"","overlay-gradient":""},"mobile":{"background-color":"","background-image":"","background-repeat":"repeat","background-position":"center center","background-size":"auto","background-attachment":"scroll","background-type":"","background-media":"","overlay-type":"","overlay-color":"","overlay-opacity":"","overlay-gradient":""}},"ast-content-background-meta":{"desktop":{"background-color":"var(--ast-global-color-5)","background-image":"","background-repeat":"repeat","background-position":"center center","background-size":"auto","background-attachment":"scroll","background-type":"","background-media":"","overlay-type":"","overlay-color":"","overlay-opacity":"","overlay-gradient":""},"tablet":{"background-color":"var(--ast-global-color-5)","background-image":"","background-repeat":"repeat","background-position":"center center","background-size":"auto","background-attachment":"scroll","background-type":"","background-media":"","overlay-type":"","overlay-color":"","overlay-opacity":"","overlay-gradient":""},"mobile":{"background-color":"var(--ast-global-color-5)","background-image":"","background-repeat":"repeat","background-position":"center center","background-size":"auto","background-attachment":"scroll","background-type":"","background-media":"","overlay-type":"","overlay-color":"","overlay-opacity":"","overlay-gradient":""}},"ngg_post_thumbnail":0,"footnotes":""},"categories":[1],"tags":[],"post_folder":[],"class_list":["post-610","post","type-post","status-publish","format-standard","hentry","category-sem-categoria"],"_links":{"self":[{"href":"https:\/\/www2.unifap.br\/ppgh\/wp-json\/wp\/v2\/posts\/610","targetHints":{"allow":["GET"]}}],"collection":[{"href":"https:\/\/www2.unifap.br\/ppgh\/wp-json\/wp\/v2\/posts"}],"about":[{"href":"https:\/\/www2.unifap.br\/ppgh\/wp-json\/wp\/v2\/types\/post"}],"author":[{"embeddable":true,"href":"https:\/\/www2.unifap.br\/ppgh\/wp-json\/wp\/v2\/users\/815"}],"replies":[{"embeddable":true,"href":"https:\/\/www2.unifap.br\/ppgh\/wp-json\/wp\/v2\/comments?post=610"}],"version-history":[{"count":3,"href":"https:\/\/www2.unifap.br\/ppgh\/wp-json\/wp\/v2\/posts\/610\/revisions"}],"predecessor-version":[{"id":628,"href":"https:\/\/www2.unifap.br\/ppgh\/wp-json\/wp\/v2\/posts\/610\/revisions\/628"}],"wp:attachment":[{"href":"https:\/\/www2.unifap.br\/ppgh\/wp-json\/wp\/v2\/media?parent=610"}],"wp:term":[{"taxonomy":"category","embeddable":true,"href":"https:\/\/www2.unifap.br\/ppgh\/wp-json\/wp\/v2\/categories?post=610"},{"taxonomy":"post_tag","embeddable":true,"href":"https:\/\/www2.unifap.br\/ppgh\/wp-json\/wp\/v2\/tags?post=610"},{"taxonomy":"post_folder","embeddable":true,"href":"https:\/\/www2.unifap.br\/ppgh\/wp-json\/wp\/v2\/post_folder?post=610"}],"curies":[{"name":"wp","href":"https:\/\/api.w.org\/{rel}","templated":true}]}}