{"id":4700,"date":"2026-08-24T23:19:18","date_gmt":"2026-08-25T02:19:18","guid":{"rendered":"https:\/\/www2.unifap.br\/ppglet\/?p=4700"},"modified":"2026-08-24T23:19:18","modified_gmt":"2026-08-25T02:19:18","slug":"ppglet-convoca-alunos-aprovados-no-processo-seletivo-de-2026","status":"publish","type":"post","link":"https:\/\/www2.unifap.br\/ppglet\/2026\/08\/24\/ppglet-convoca-alunos-aprovados-no-processo-seletivo-de-2026\/","title":{"rendered":"PPGLET convoca alunos aprovados no processo seletivo de 2026"},"content":{"rendered":"<p><span style=\"font-weight: 400\">A Coordena\u00e7\u00e3o do Programa de P\u00f3s-gradua\u00e7\u00e3o em Letras (PPGLET) <\/span><b>CONVOCA<\/b><span style=\"font-weight: 400\">, para habilita\u00e7\u00e3o e matr\u00edcula, os\/as candidatos\/as aprovados\/as no Processo Seletivo do Programa de P\u00f3s-Gradua\u00e7\u00e3o em Letras, n\u00edvel mestrado, conforme os editais 01\/2026 e 02\/2026. O per\u00edodo para envio dos documentos \u00e9: <b>25\/08\/2026 <\/b>a <b>28\/08\/2026<\/b>. <\/span><\/p>\n<p style=\"text-align: center\"><a href=\"https:\/\/www2.unifap.br\/ppglet\/administrativo\/processo-seletivo\/aluno-regular\/\">Link para p\u00e1gina do Processo Seletivo &#8211; Turma 2026.<\/a><\/p>\n","protected":false},"excerpt":{"rendered":"<p>A Coordena\u00e7\u00e3o do Programa de P\u00f3s-gradua\u00e7\u00e3o em Letras (PPGLET) CONVOCA, para habilita\u00e7\u00e3o e matr\u00edcula, os\/as candidatos\/as aprovados\/as no Processo Seletivo do Programa de P\u00f3s-Gradua\u00e7\u00e3o em Letras, n\u00edvel mestrado, conforme os editais 01\/2026 e 02\/2026. O per\u00edodo para envio dos documentos \u00e9: 25\/08\/2026 a 28\/08\/2026. Link para p\u00e1gina do Processo Seletivo &#8211; Turma 2026.<\/p>\n","protected":false},"author":3826,"featured_media":0,"comment_status":"open","ping_status":"open","sticky":false,"template":"","format":"standard","meta":{"inline_featured_image":false,"ngg_post_thumbnail":0,"footnotes":""},"categories":[1],"tags":[],"post_folder":[],"class_list":["post-4700","post","type-post","status-publish","format-standard","hentry","category-sem-categoria","entry"],"_links":{"self":[{"href":"https:\/\/www2.unifap.br\/ppglet\/wp-json\/wp\/v2\/posts\/4700","targetHints":{"allow":["GET"]}}],"collection":[{"href":"https:\/\/www2.unifap.br\/ppglet\/wp-json\/wp\/v2\/posts"}],"about":[{"href":"https:\/\/www2.unifap.br\/ppglet\/wp-json\/wp\/v2\/types\/post"}],"author":[{"embeddable":true,"href":"https:\/\/www2.unifap.br\/ppglet\/wp-json\/wp\/v2\/users\/3826"}],"replies":[{"embeddable":true,"href":"https:\/\/www2.unifap.br\/ppglet\/wp-json\/wp\/v2\/comments?post=4700"}],"version-history":[{"count":1,"href":"https:\/\/www2.unifap.br\/ppglet\/wp-json\/wp\/v2\/posts\/4700\/revisions"}],"predecessor-version":[{"id":4701,"href":"https:\/\/www2.unifap.br\/ppglet\/wp-json\/wp\/v2\/posts\/4700\/revisions\/4701"}],"wp:attachment":[{"href":"https:\/\/www2.unifap.br\/ppglet\/wp-json\/wp\/v2\/media?parent=4700"}],"wp:term":[{"taxonomy":"category","embeddable":true,"href":"https:\/\/www2.unifap.br\/ppglet\/wp-json\/wp\/v2\/categories?post=4700"},{"taxonomy":"post_tag","embeddable":true,"href":"https:\/\/www2.unifap.br\/ppglet\/wp-json\/wp\/v2\/tags?post=4700"},{"taxonomy":"post_folder","embeddable":true,"href":"https:\/\/www2.unifap.br\/ppglet\/wp-json\/wp\/v2\/post_folder?post=4700"}],"curies":[{"name":"wp","href":"https:\/\/api.w.org\/{rel}","templated":true}]}}