{"id":188,"date":"2012-03-29T10:01:36","date_gmt":"2012-03-29T10:01:36","guid":{"rendered":"http:\/\/www2.unifap.br\/prefeitura\/?p=188"},"modified":"2012-03-29T10:02:21","modified_gmt":"2012-03-29T10:02:21","slug":"desligamento-geral-manutencao-eletrica-310312-sabado","status":"publish","type":"post","link":"https:\/\/www2.unifap.br\/prefeitura\/2012\/03\/29\/desligamento-geral-manutencao-eletrica-310312-sabado\/","title":{"rendered":"Desligamento Geral (Manuten\u00e7\u00e3o El\u00e9trica) 31\/03\/12 (S\u00c1BADO)"},"content":{"rendered":"<p>Informamos a toda a comunidade acad\u00eamica, que no dia 31 de mar\u00e7o (S\u00e1bado), ser\u00e1 necess\u00e1rio o desligamento geral de energia el\u00e9trica no Campus Marco Zero, para a realiza\u00e7\u00e3o de servi\u00e7os de troca da alimenta\u00e7\u00e3o de alta tens\u00e3o para o Campus.<\/p>\n<p>Em fun\u00e7\u00e3o do servi\u00e7o necessitar de aus\u00eancia de chuvas, n\u00e3o poderemos precisar hor\u00e1rio para tal desligamento.<\/p>\n<p>&nbsp;<\/p>\n<p>Assessoria Especial de Engenharia e Arquitetura<\/p>\n","protected":false},"excerpt":{"rendered":"<p>Informamos a toda a comunidade acad\u00eamica, que no dia 31 de mar\u00e7o (S\u00e1bado), ser\u00e1 necess\u00e1rio o desligamento geral de energia el\u00e9trica no Campus Marco Zero, para a realiza\u00e7\u00e3o de servi\u00e7os de troca da alimenta\u00e7\u00e3o de alta tens\u00e3o para o Campus.&hellip; <\/p>\n<p><a href=\"https:\/\/www2.unifap.br\/prefeitura\/2012\/03\/29\/desligamento-geral-manutencao-eletrica-310312-sabado\/\" class=\"readmore-button\">Continue Reading<\/a><\/p>\n","protected":false},"author":23,"featured_media":0,"comment_status":"open","ping_status":"open","sticky":false,"template":"","format":"standard","meta":{"inline_featured_image":false,"ngg_post_thumbnail":0,"footnotes":""},"categories":[1],"tags":[],"class_list":["post-188","post","type-post","status-publish","format-standard","hentry","category-sem-categoria"],"_links":{"self":[{"href":"https:\/\/www2.unifap.br\/prefeitura\/wp-json\/wp\/v2\/posts\/188","targetHints":{"allow":["GET"]}}],"collection":[{"href":"https:\/\/www2.unifap.br\/prefeitura\/wp-json\/wp\/v2\/posts"}],"about":[{"href":"https:\/\/www2.unifap.br\/prefeitura\/wp-json\/wp\/v2\/types\/post"}],"author":[{"embeddable":true,"href":"https:\/\/www2.unifap.br\/prefeitura\/wp-json\/wp\/v2\/users\/23"}],"replies":[{"embeddable":true,"href":"https:\/\/www2.unifap.br\/prefeitura\/wp-json\/wp\/v2\/comments?post=188"}],"version-history":[{"count":14,"href":"https:\/\/www2.unifap.br\/prefeitura\/wp-json\/wp\/v2\/posts\/188\/revisions"}],"predecessor-version":[{"id":211,"href":"https:\/\/www2.unifap.br\/prefeitura\/wp-json\/wp\/v2\/posts\/188\/revisions\/211"}],"wp:attachment":[{"href":"https:\/\/www2.unifap.br\/prefeitura\/wp-json\/wp\/v2\/media?parent=188"}],"wp:term":[{"taxonomy":"category","embeddable":true,"href":"https:\/\/www2.unifap.br\/prefeitura\/wp-json\/wp\/v2\/categories?post=188"},{"taxonomy":"post_tag","embeddable":true,"href":"https:\/\/www2.unifap.br\/prefeitura\/wp-json\/wp\/v2\/tags?post=188"}],"curies":[{"name":"wp","href":"https:\/\/api.w.org\/{rel}","templated":true}]}}