{"id":234,"date":"2012-10-01T18:31:52","date_gmt":"2012-10-01T18:31:52","guid":{"rendered":"http:\/\/www2.unifap.br\/prefeitura\/?p=234"},"modified":"2012-10-01T18:31:52","modified_gmt":"2012-10-01T18:31:52","slug":"horario-de-atendimento-de-01-a-05-de-outubro","status":"publish","type":"post","link":"https:\/\/www2.unifap.br\/prefeitura\/2012\/10\/01\/horario-de-atendimento-de-01-a-05-de-outubro\/","title":{"rendered":"Hor\u00e1rio de Atendimento de 01 a 05 de Outubro."},"content":{"rendered":"<p>Informamos a toda comunidade a\u00a0acad\u00eamica\u00a0e demais interessados, que durante a primeira semana de Outubro, a AEEA estar\u00e1 adotando o seguinte hor\u00e1rio de funcionamento.<\/p>\n<p><strong>Atendimento ao P\u00fablico: 08:00 \u00e0s 12:00h<\/strong><\/p>\n<p><strong>Expediente interno: 14:00 \u00e0s 18:00h (atendimento somente na Recep\u00e7\u00e3o)<\/strong><\/p>\n<p>Em caso de duvidas entrar em contato com a AEEA no telefone 3312-1718.<\/p>\n<p>&nbsp;<\/p>\n","protected":false},"excerpt":{"rendered":"<p>Informamos a toda comunidade a\u00a0acad\u00eamica\u00a0e demais interessados, que durante a primeira semana de Outubro, a AEEA estar\u00e1 adotando o seguinte hor\u00e1rio de funcionamento. Atendimento ao P\u00fablico: 08:00 \u00e0s 12:00h Expediente interno: 14:00 \u00e0s 18:00h (atendimento somente na Recep\u00e7\u00e3o) Em caso&hellip; <\/p>\n<p><a href=\"https:\/\/www2.unifap.br\/prefeitura\/2012\/10\/01\/horario-de-atendimento-de-01-a-05-de-outubro\/\" class=\"readmore-button\">Continue Reading<\/a><\/p>\n","protected":false},"author":23,"featured_media":0,"comment_status":"open","ping_status":"open","sticky":false,"template":"","format":"standard","meta":{"inline_featured_image":false,"ngg_post_thumbnail":0,"footnotes":""},"categories":[1],"tags":[],"class_list":["post-234","post","type-post","status-publish","format-standard","hentry","category-sem-categoria"],"_links":{"self":[{"href":"https:\/\/www2.unifap.br\/prefeitura\/wp-json\/wp\/v2\/posts\/234","targetHints":{"allow":["GET"]}}],"collection":[{"href":"https:\/\/www2.unifap.br\/prefeitura\/wp-json\/wp\/v2\/posts"}],"about":[{"href":"https:\/\/www2.unifap.br\/prefeitura\/wp-json\/wp\/v2\/types\/post"}],"author":[{"embeddable":true,"href":"https:\/\/www2.unifap.br\/prefeitura\/wp-json\/wp\/v2\/users\/23"}],"replies":[{"embeddable":true,"href":"https:\/\/www2.unifap.br\/prefeitura\/wp-json\/wp\/v2\/comments?post=234"}],"version-history":[{"count":2,"href":"https:\/\/www2.unifap.br\/prefeitura\/wp-json\/wp\/v2\/posts\/234\/revisions"}],"predecessor-version":[{"id":236,"href":"https:\/\/www2.unifap.br\/prefeitura\/wp-json\/wp\/v2\/posts\/234\/revisions\/236"}],"wp:attachment":[{"href":"https:\/\/www2.unifap.br\/prefeitura\/wp-json\/wp\/v2\/media?parent=234"}],"wp:term":[{"taxonomy":"category","embeddable":true,"href":"https:\/\/www2.unifap.br\/prefeitura\/wp-json\/wp\/v2\/categories?post=234"},{"taxonomy":"post_tag","embeddable":true,"href":"https:\/\/www2.unifap.br\/prefeitura\/wp-json\/wp\/v2\/tags?post=234"}],"curies":[{"name":"wp","href":"https:\/\/api.w.org\/{rel}","templated":true}]}}