{"id":262,"date":"2013-06-07T19:28:55","date_gmt":"2013-06-07T19:28:55","guid":{"rendered":"http:\/\/www2.unifap.br\/prefeitura\/?p=262"},"modified":"2013-06-07T19:30:57","modified_gmt":"2013-06-07T19:30:57","slug":"servicos-de-desinsetizacao-desratizacao-e-descupinizacao","status":"publish","type":"post","link":"https:\/\/www2.unifap.br\/prefeitura\/2013\/06\/07\/servicos-de-desinsetizacao-desratizacao-e-descupinizacao\/","title":{"rendered":"Servi\u00e7os de Desinsetiza\u00e7\u00e3o, desratiza\u00e7\u00e3o e descupiniza\u00e7\u00e3o."},"content":{"rendered":"<p>Informamos a toda a comunidade acad\u00eamica, que nos dias 17\/06 a 24\/06\/2013, ser\u00e3o realizados servi\u00e7os de Desinsetiza\u00e7\u00e3o, desratiza\u00e7\u00e3o e descupiniza\u00e7\u00e3o, no Campus Marco Zero.<\/p>\n<p>Pedimos aos coordenadores de curso, que informe melhor hor\u00e1rio para a execu\u00e7\u00e3o dos servi\u00e7os, em conformidade ao Memo Circular 09\/2013 &#8211; \u00a0AEEA\/UNIFAP.<\/p>\n<p>Lembramos ainda, que o agendamento dever\u00e1 ser realizado at\u00e9 o dia 14\/06\/2013.<\/p>\n<p>Duvidas e Informa\u00e7\u00f5es, entrar em contato com a Prefeitura do Campus.<\/p>\n<p>Contato: 3312-1718<\/p>\n","protected":false},"excerpt":{"rendered":"<p>Informamos a toda a comunidade acad\u00eamica, que nos dias 17\/06 a 24\/06\/2013, ser\u00e3o realizados servi\u00e7os de Desinsetiza\u00e7\u00e3o, desratiza\u00e7\u00e3o e descupiniza\u00e7\u00e3o, no Campus Marco Zero. Pedimos aos coordenadores de curso, que informe melhor hor\u00e1rio para a execu\u00e7\u00e3o dos servi\u00e7os, em conformidade&hellip; <\/p>\n<p><a href=\"https:\/\/www2.unifap.br\/prefeitura\/2013\/06\/07\/servicos-de-desinsetizacao-desratizacao-e-descupinizacao\/\" class=\"readmore-button\">Continue Reading<\/a><\/p>\n","protected":false},"author":23,"featured_media":0,"comment_status":"open","ping_status":"open","sticky":false,"template":"","format":"standard","meta":{"inline_featured_image":false,"ngg_post_thumbnail":0,"footnotes":""},"categories":[1],"tags":[],"class_list":["post-262","post","type-post","status-publish","format-standard","hentry","category-sem-categoria"],"_links":{"self":[{"href":"https:\/\/www2.unifap.br\/prefeitura\/wp-json\/wp\/v2\/posts\/262","targetHints":{"allow":["GET"]}}],"collection":[{"href":"https:\/\/www2.unifap.br\/prefeitura\/wp-json\/wp\/v2\/posts"}],"about":[{"href":"https:\/\/www2.unifap.br\/prefeitura\/wp-json\/wp\/v2\/types\/post"}],"author":[{"embeddable":true,"href":"https:\/\/www2.unifap.br\/prefeitura\/wp-json\/wp\/v2\/users\/23"}],"replies":[{"embeddable":true,"href":"https:\/\/www2.unifap.br\/prefeitura\/wp-json\/wp\/v2\/comments?post=262"}],"version-history":[{"count":12,"href":"https:\/\/www2.unifap.br\/prefeitura\/wp-json\/wp\/v2\/posts\/262\/revisions"}],"predecessor-version":[{"id":318,"href":"https:\/\/www2.unifap.br\/prefeitura\/wp-json\/wp\/v2\/posts\/262\/revisions\/318"}],"wp:attachment":[{"href":"https:\/\/www2.unifap.br\/prefeitura\/wp-json\/wp\/v2\/media?parent=262"}],"wp:term":[{"taxonomy":"category","embeddable":true,"href":"https:\/\/www2.unifap.br\/prefeitura\/wp-json\/wp\/v2\/categories?post=262"},{"taxonomy":"post_tag","embeddable":true,"href":"https:\/\/www2.unifap.br\/prefeitura\/wp-json\/wp\/v2\/tags?post=262"}],"curies":[{"name":"wp","href":"https:\/\/api.w.org\/{rel}","templated":true}]}}