{"id":4953,"date":"2019-10-25T18:12:45","date_gmt":"2019-10-25T18:12:45","guid":{"rendered":"http:\/\/www2.unifap.br\/procri\/?p=4953"},"modified":"2019-11-05T16:42:41","modified_gmt":"2019-11-05T16:42:41","slug":"chamada-minicurso-editais-internacionais-para-projetos-possibilidades-de-financiamento-e-cooperacao","status":"publish","type":"post","link":"https:\/\/www2.unifap.br\/procri\/2019\/10\/25\/chamada-minicurso-editais-internacionais-para-projetos-possibilidades-de-financiamento-e-cooperacao\/","title":{"rendered":"Chamada Minicurso &#8220;Editais Internacionais para Projetos: Possibilidades de financiamento e coopera\u00e7\u00e3o&#8221;"},"content":{"rendered":"<p style=\"text-align: justify\">A Pr\u00f3-reitoria de Coopera\u00e7\u00e3o e Rela\u00e7\u00f5es Interinstitucionais vem por meio desta chamada, convidar todos os servidores (docentes e t\u00e9cnicos) interessados em financiamento e rela\u00e7\u00f5es de coopera\u00e7\u00e3o com institui\u00e7\u00f5es estrangeiras (especialmente, a Guiana Francesa, pa\u00eds fronteiri\u00e7o com o estado do Amap\u00e1) a participar do minicurso <strong>\u201cEditais internacionais para projetos: Possibilidades de financiamento e coopera\u00e7\u00e3o\u201d<\/strong> que ocorrer\u00e1 dia 07 de novembro de 2019, de 08h as 12h, no audit\u00f3rio da Biblioteca Central da UNIFAP. O curso ser\u00e1 ministrado pela Prof.\u00aa Mariana Alves, docente da UNIFAP. A professora, antes respons\u00e1vel de Pesquisa e Extens\u00e3o no Campus Oiapoque, tem experi\u00eancia com os processos de coopera\u00e7\u00e3o, principalmente, com a Guiana Francesa, devido atuar na regi\u00e3o fronteiri\u00e7a como respons\u00e1vel da DICRI (Divis\u00e3o de Coopera\u00e7\u00e3o e Rela\u00e7\u00f5es Interinstitucionais) no Campus Binacional.<\/p>\n<p style=\"text-align: justify\">O objetivo do mini-curso \u00e9 instruir os interessados sobre as rela\u00e7\u00f5es de coopera\u00e7\u00e3o, visando principalmente as rela\u00e7\u00f5es dos pa\u00edses que comp\u00f5em o Plat\u00f4 das Guianas e as institui\u00e7\u00f5es mais representativas da Guiana Francesa: O Instituto de Pesquisa e Desenvolvimento (IRD), o&nbsp; Centro Nacional de Pesquisa Cient\u00edfica (CNRS) e a Universit\u00e9 de Guyane.<\/p>\n<p style=\"text-align: justify\">Editais como Guyamazon e OHM (Observat\u00f3rio Homem\/Meio) tamb\u00e9m ser\u00e3o apresentados: propostas e elabora\u00e7\u00e3o dos projetos.<\/p>\n<p style=\"text-align: justify\">P\u00fablico-alvo: Docentes, T\u00e9cnicos e Pesquisadores da Universidade Federal do Amap\u00e1.<\/p>\n<p style=\"text-align: justify\">Inscri\u00e7\u00f5es: Os interessados dever\u00e3o se inscrever no link&nbsp;<a href=\"https:\/\/forms.gle\/mJSDKZVQnP49d5XG8\">https:\/\/forms.gle\/mJSDKZVQnP49d5XG8<\/a>&nbsp;at\u00e9 o dia 01\/11\/2019. As vagas s\u00e3o limitadas (60) e ser\u00e3o concedidas observada a ordem de inscri\u00e7\u00e3o.<\/p>\n","protected":false},"excerpt":{"rendered":"<p>A Pr\u00f3-reitoria de Coopera\u00e7\u00e3o e Rela\u00e7\u00f5es Interinstitucionais vem por meio desta chamada, convidar todos os servidores (docentes e t\u00e9cnicos) interessados em financiamento e rela\u00e7\u00f5es de coopera\u00e7\u00e3o com institui\u00e7\u00f5es estrangeiras (especialmente, a Guiana Francesa, pa\u00eds fronteiri\u00e7o com o estado do Amap\u00e1) a participar do minicurso \u201cEditais internacionais para projetos: Possibilidades de financiamento e coopera\u00e7\u00e3o\u201d que ocorrer\u00e1&#8230;<\/p>\n","protected":false},"author":885,"featured_media":0,"comment_status":"open","ping_status":"open","sticky":false,"template":"","format":"standard","meta":{"inline_featured_image":false,"ngg_post_thumbnail":0,"footnotes":""},"categories":[25],"tags":[],"class_list":["post-4953","post","type-post","status-publish","format-standard","hentry","category-minicurso","entry"],"_links":{"self":[{"href":"https:\/\/www2.unifap.br\/procri\/wp-json\/wp\/v2\/posts\/4953","targetHints":{"allow":["GET"]}}],"collection":[{"href":"https:\/\/www2.unifap.br\/procri\/wp-json\/wp\/v2\/posts"}],"about":[{"href":"https:\/\/www2.unifap.br\/procri\/wp-json\/wp\/v2\/types\/post"}],"author":[{"embeddable":true,"href":"https:\/\/www2.unifap.br\/procri\/wp-json\/wp\/v2\/users\/885"}],"replies":[{"embeddable":true,"href":"https:\/\/www2.unifap.br\/procri\/wp-json\/wp\/v2\/comments?post=4953"}],"version-history":[{"count":2,"href":"https:\/\/www2.unifap.br\/procri\/wp-json\/wp\/v2\/posts\/4953\/revisions"}],"predecessor-version":[{"id":4969,"href":"https:\/\/www2.unifap.br\/procri\/wp-json\/wp\/v2\/posts\/4953\/revisions\/4969"}],"wp:attachment":[{"href":"https:\/\/www2.unifap.br\/procri\/wp-json\/wp\/v2\/media?parent=4953"}],"wp:term":[{"taxonomy":"category","embeddable":true,"href":"https:\/\/www2.unifap.br\/procri\/wp-json\/wp\/v2\/categories?post=4953"},{"taxonomy":"post_tag","embeddable":true,"href":"https:\/\/www2.unifap.br\/procri\/wp-json\/wp\/v2\/tags?post=4953"}],"curies":[{"name":"wp","href":"https:\/\/api.w.org\/{rel}","templated":true}]}}