{"id":7019,"date":"2024-09-06T17:16:44","date_gmt":"2024-09-06T20:16:44","guid":{"rendered":"https:\/\/www2.unifap.br\/proeac\/?p=7019"},"modified":"2024-12-23T13:49:48","modified_gmt":"2024-12-23T16:49:48","slug":"comunicado-de-alteracao-na-data-de-divulgacao-do-resultado-definitivo-pos-recurso-editais-02-2024-e-03-2024-dace-proeac","status":"publish","type":"post","link":"https:\/\/www2.unifap.br\/proeac\/post\/7019\/","title":{"rendered":"Comunicado de Altera\u00e7\u00e3o na Data de Divulga\u00e7\u00e3o do Resultado Definitivo P\u00f3s-Recurso \u2013 Editais 02\/2024 e 03\/2024 &#8211; DACE\/PROEAC"},"content":{"rendered":"\t\t<div data-elementor-type=\"wp-post\" data-elementor-id=\"7019\" class=\"elementor elementor-7019\">\n\t\t\t\t<div class=\"elementor-element elementor-element-07fd51a e-flex e-con-boxed e-con e-parent\" data-id=\"07fd51a\" data-element_type=\"container\" data-e-type=\"container\">\n\t\t\t\t\t<div class=\"e-con-inner\">\n\t\t\t\t<div class=\"elementor-element elementor-element-8da80e5 elementor-widget elementor-widget-text-editor\" data-id=\"8da80e5\" data-element_type=\"widget\" data-e-type=\"widget\" data-widget_type=\"text-editor.default\">\n\t\t\t\t<div class=\"elementor-widget-container\">\n\t\t\t\t\t\t\t\t\t<p>Prezados(as),<\/p><p>Devido \u00e0 falta de energia, que impossibilitou o acesso aos dados inseridos nos computadores do DACE pelos servidores, e ao grande n\u00famero de inscritos, informamos que a divulga\u00e7\u00e3o do resultado definitivo p\u00f3s-recurso dos Editais <strong>02\/2024<\/strong> e <strong>03\/2024<\/strong> foi adiada para o dia <strong>10 de setembro de 2024<\/strong>.<\/p><p>Agradecemos pela compreens\u00e3o e pelo interesse de todos.<\/p><p>Atenciosamente,<br \/>Equipe\u00a0<a href=\"https:\/\/www2.unifap.br\/dace\/\">DACE<\/a>\/<a href=\"https:\/\/www2.unifap.br\/proeac\/\">PROEAC<\/a>.<br \/>Universidade Federal do\u00a0Amap\u00e1\u00a0(UNIFAP)<\/p>\t\t\t\t\t\t\t\t<\/div>\n\t\t\t\t<\/div>\n\t\t\t\t\t<\/div>\n\t\t\t\t<\/div>\n\t\t\t\t<\/div>\n\t\t","protected":false},"excerpt":{"rendered":"<p>Prezados(as), Devido \u00e0 falta de energia, que impossibilitou o acesso aos dados inseridos nos computadores do DACE pelos servidores, e ao grande n\u00famero de inscritos, informamos que a divulga\u00e7\u00e3o do resultado definitivo p\u00f3s-recurso dos Editais 02\/2024 e 03\/2024 foi adiada para o dia 10 de setembro de 2024. Agradecemos pela compreens\u00e3o e pelo interesse de&#8230;<\/p>\n","protected":false},"author":2504,"featured_media":7028,"comment_status":"closed","ping_status":"closed","sticky":false,"template":"","format":"standard","meta":{"inline_featured_image":false,"site-sidebar-layout":"default","site-content-layout":"","ast-site-content-layout":"default","site-content-style":"default","site-sidebar-style":"default","ast-global-header-display":"","ast-banner-title-visibility":"","ast-main-header-display":"","ast-hfb-above-header-display":"","ast-hfb-below-header-display":"","ast-hfb-mobile-header-display":"","site-post-title":"","ast-breadcrumbs-content":"","ast-featured-img":"","footer-sml-layout":"","theme-transparent-header-meta":"","adv-header-id-meta":"","stick-header-meta":"","header-above-stick-meta":"","header-main-stick-meta":"","header-below-stick-meta":"","astra-migrate-meta-layouts":"default","ast-page-background-enabled":"default","ast-page-background-meta":{"desktop":{"background-color":"var(--ast-global-color-4)","background-image":"","background-repeat":"repeat","background-position":"center center","background-size":"auto","background-attachment":"scroll","background-type":"","background-media":"","overlay-type":"","overlay-color":"","overlay-opacity":"","overlay-gradient":""},"tablet":{"background-color":"","background-image":"","background-repeat":"repeat","background-position":"center center","background-size":"auto","background-attachment":"scroll","background-type":"","background-media":"","overlay-type":"","overlay-color":"","overlay-opacity":"","overlay-gradient":""},"mobile":{"background-color":"","background-image":"","background-repeat":"repeat","background-position":"center center","background-size":"auto","background-attachment":"scroll","background-type":"","background-media":"","overlay-type":"","overlay-color":"","overlay-opacity":"","overlay-gradient":""}},"ast-content-background-meta":{"desktop":{"background-color":"var(--ast-global-color-5)","background-image":"","background-repeat":"repeat","background-position":"center center","background-size":"auto","background-attachment":"scroll","background-type":"","background-media":"","overlay-type":"","overlay-color":"","overlay-opacity":"","overlay-gradient":""},"tablet":{"background-color":"var(--ast-global-color-5)","background-image":"","background-repeat":"repeat","background-position":"center center","background-size":"auto","background-attachment":"scroll","background-type":"","background-media":"","overlay-type":"","overlay-color":"","overlay-opacity":"","overlay-gradient":""},"mobile":{"background-color":"var(--ast-global-color-5)","background-image":"","background-repeat":"repeat","background-position":"center center","background-size":"auto","background-attachment":"scroll","background-type":"","background-media":"","overlay-type":"","overlay-color":"","overlay-opacity":"","overlay-gradient":""}},"ngg_post_thumbnail":0,"footnotes":""},"categories":[35],"tags":[],"class_list":["post-7019","post","type-post","status-publish","format-standard","has-post-thumbnail","hentry","category-comunicado"],"_links":{"self":[{"href":"https:\/\/www2.unifap.br\/proeac\/wp-json\/wp\/v2\/posts\/7019","targetHints":{"allow":["GET"]}}],"collection":[{"href":"https:\/\/www2.unifap.br\/proeac\/wp-json\/wp\/v2\/posts"}],"about":[{"href":"https:\/\/www2.unifap.br\/proeac\/wp-json\/wp\/v2\/types\/post"}],"author":[{"embeddable":true,"href":"https:\/\/www2.unifap.br\/proeac\/wp-json\/wp\/v2\/users\/2504"}],"replies":[{"embeddable":true,"href":"https:\/\/www2.unifap.br\/proeac\/wp-json\/wp\/v2\/comments?post=7019"}],"version-history":[{"count":9,"href":"https:\/\/www2.unifap.br\/proeac\/wp-json\/wp\/v2\/posts\/7019\/revisions"}],"predecessor-version":[{"id":7031,"href":"https:\/\/www2.unifap.br\/proeac\/wp-json\/wp\/v2\/posts\/7019\/revisions\/7031"}],"wp:featuredmedia":[{"embeddable":true,"href":"https:\/\/www2.unifap.br\/proeac\/wp-json\/wp\/v2\/media\/7028"}],"wp:attachment":[{"href":"https:\/\/www2.unifap.br\/proeac\/wp-json\/wp\/v2\/media?parent=7019"}],"wp:term":[{"taxonomy":"category","embeddable":true,"href":"https:\/\/www2.unifap.br\/proeac\/wp-json\/wp\/v2\/categories?post=7019"},{"taxonomy":"post_tag","embeddable":true,"href":"https:\/\/www2.unifap.br\/proeac\/wp-json\/wp\/v2\/tags?post=7019"}],"curies":[{"name":"wp","href":"https:\/\/api.w.org\/{rel}","templated":true}]}}