{"id":8834,"date":"2026-08-25T13:06:40","date_gmt":"2026-08-25T16:06:40","guid":{"rendered":"https:\/\/www2.unifap.br\/proeac\/?p=8834"},"modified":"2026-08-25T14:53:12","modified_gmt":"2026-08-25T17:53:12","slug":"auxilio-permanencia-territorial-2026","status":"publish","type":"post","link":"https:\/\/www2.unifap.br\/proeac\/post\/8834\/","title":{"rendered":"PROEAC e DACE abrem inscri\u00e7\u00f5es para o Aux\u00edlio Perman\u00eancia Territorial 2026 \u2013 Campus Oiapoque"},"content":{"rendered":"\t\t<div data-elementor-type=\"wp-post\" data-elementor-id=\"8834\" class=\"elementor elementor-8834\">\n\t\t\t\t<div class=\"elementor-element elementor-element-84d620b e-flex e-con-boxed e-con e-parent\" data-id=\"84d620b\" data-element_type=\"container\" data-e-type=\"container\">\n\t\t\t\t\t<div class=\"e-con-inner\">\n\t\t\t\t<div class=\"elementor-element elementor-element-4059cc7 elementor-widget elementor-widget-text-editor\" data-id=\"4059cc7\" data-element_type=\"widget\" data-e-type=\"widget\" data-widget_type=\"text-editor.default\">\n\t\t\t\t<div class=\"elementor-widget-container\">\n\t\t\t\t\t\t\t\t\t<p data-path-to-node=\"3\"><b data-path-to-node=\"3\" data-index-in-node=\"0\">(Edital N\u00ba 08\/2026 \u2013 DACE\/PROEAC\/UNIFAP)<\/b><\/p><p data-path-to-node=\"4\">A Pr\u00f3-Reitoria de Extens\u00e3o e A\u00e7\u00f5es Comunit\u00e1rias (PROEAC\/UNIFAP), por meio do Departamento de A\u00e7\u00f5es Comunit\u00e1rias e Estudantis (DACE), torna p\u00fablica a abertura das inscri\u00e7\u00f5es para o <b data-path-to-node=\"4\" data-index-in-node=\"180\">Aux\u00edlio Perman\u00eancia Territorial \u2013 2026<\/b>.<\/p><p data-path-to-node=\"5\">A a\u00e7\u00e3o \u00e9 uma modalidade espec\u00edfica de assist\u00eancia estudantil destinada a estudantes <b data-path-to-node=\"5\" data-index-in-node=\"84\">ind\u00edgenas e quilombolas<\/b> regularmente matriculados nos cursos de gradua\u00e7\u00e3o presencial do <b data-path-to-node=\"5\" data-index-in-node=\"172\">Campus Binacional de Oiapoque<\/b> (incluindo Licenciatura Intercultural Ind\u00edgena e PARFOR Equidade), visando contribuir para a sua perman\u00eancia e realiza\u00e7\u00e3o das atividades acad\u00eamicas.<\/p><h3 data-path-to-node=\"6\">\ud83d\udccc Resumo do Edital:<\/h3><ul><li data-path-to-node=\"7,0,0\"><b data-path-to-node=\"7,0,0\" data-index-in-node=\"0\">Benef\u00edcio:<\/b> R$ 500,00 mensais<\/li><li data-path-to-node=\"7,1,0\"><b data-path-to-node=\"7,1,0\" data-index-in-node=\"0\">Vagas:<\/b> At\u00e9 400 vagas<\/li><li data-path-to-node=\"7,2,0\"><b data-path-to-node=\"7,2,0\" data-index-in-node=\"0\">Per\u00edodo de Inscri\u00e7\u00e3o:<\/b> 24\/08\/2026 a 24\/09\/2026<\/li><li data-path-to-node=\"7,3,0\"><b data-path-to-node=\"7,3,0\" data-index-in-node=\"0\">Modalidade:<\/b> Moradia Estudantil e Deslocamento Acad\u00eamico<\/li><\/ul><h3 data-path-to-node=\"9\">\ud83d\udd17 Links \u00dateis:<\/h3><p data-path-to-node=\"10\">\ud83d\udcdd <b data-path-to-node=\"10\" data-index-in-node=\"3\">Inscri\u00e7\u00e3o Online:<\/b> <a class=\"ng-star-inserted\" href=\"https:\/\/forms.gle\/Z2NmbmxTzTQkCfyP9\" target=\"_blank\" rel=\"noopener\">Clique aqui para preencher o Formul\u00e1rio de Inscri\u00e7\u00e3o<\/a><\/p><p data-path-to-node=\"11\">\ud83d\udcc4 <b data-path-to-node=\"11\" data-index-in-node=\"3\">Edital Completo e Acompanhamento das Publica\u00e7\u00f5es:<\/b> Para consultar os documentos exigidos, regras de sele\u00e7\u00e3o, cronograma completo e acompanhar as futuras publica\u00e7\u00f5es (resultados e comunicados oficiais), acesse a p\u00e1gina oficial do DACE: \ud83d\udc49 <a class=\"ng-star-inserted\" href=\"https:\/\/www2.unifap.br\/dace\/archives\/9813\" target=\"_blank\" rel=\"noopener\">Acompanhar Processo Seletivo na P\u00e1gina do DACE<\/a><\/p>\t\t\t\t\t\t\t\t<\/div>\n\t\t\t\t<\/div>\n\t\t\t\t\t<\/div>\n\t\t\t\t<\/div>\n\t\t\t\t<\/div>\n\t\t","protected":false},"excerpt":{"rendered":"<p>(Edital N\u00ba 08\/2026 \u2013 DACE\/PROEAC\/UNIFAP) A Pr\u00f3-Reitoria de Extens\u00e3o e A\u00e7\u00f5es Comunit\u00e1rias (PROEAC\/UNIFAP), por meio do Departamento de A\u00e7\u00f5es Comunit\u00e1rias e Estudantis (DACE), torna p\u00fablica a abertura das inscri\u00e7\u00f5es para o Aux\u00edlio Perman\u00eancia Territorial \u2013 2026. A a\u00e7\u00e3o \u00e9 uma modalidade espec\u00edfica de assist\u00eancia estudantil destinada a estudantes ind\u00edgenas e quilombolas regularmente matriculados nos cursos&#8230;<\/p>\n","protected":false},"author":2504,"featured_media":8835,"comment_status":"closed","ping_status":"closed","sticky":false,"template":"","format":"standard","meta":{"inline_featured_image":false,"site-sidebar-layout":"default","site-content-layout":"","ast-site-content-layout":"default","site-content-style":"default","site-sidebar-style":"default","ast-global-header-display":"","ast-banner-title-visibility":"","ast-main-header-display":"","ast-hfb-above-header-display":"","ast-hfb-below-header-display":"","ast-hfb-mobile-header-display":"","site-post-title":"","ast-breadcrumbs-content":"","ast-featured-img":"","footer-sml-layout":"","theme-transparent-header-meta":"default","adv-header-id-meta":"","stick-header-meta":"","header-above-stick-meta":"","header-main-stick-meta":"","header-below-stick-meta":"","astra-migrate-meta-layouts":"set","ast-page-background-enabled":"default","ast-page-background-meta":{"desktop":{"background-color":"var(--ast-global-color-4)","background-image":"","background-repeat":"repeat","background-position":"center center","background-size":"auto","background-attachment":"scroll","background-type":"","background-media":"","overlay-type":"","overlay-color":"","overlay-opacity":"","overlay-gradient":""},"tablet":{"background-color":"","background-image":"","background-repeat":"repeat","background-position":"center center","background-size":"auto","background-attachment":"scroll","background-type":"","background-media":"","overlay-type":"","overlay-color":"","overlay-opacity":"","overlay-gradient":""},"mobile":{"background-color":"","background-image":"","background-repeat":"repeat","background-position":"center center","background-size":"auto","background-attachment":"scroll","background-type":"","background-media":"","overlay-type":"","overlay-color":"","overlay-opacity":"","overlay-gradient":""}},"ast-content-background-meta":{"desktop":{"background-color":"var(--ast-global-color-5)","background-image":"","background-repeat":"repeat","background-position":"center center","background-size":"auto","background-attachment":"scroll","background-type":"","background-media":"","overlay-type":"","overlay-color":"","overlay-opacity":"","overlay-gradient":""},"tablet":{"background-color":"var(--ast-global-color-5)","background-image":"","background-repeat":"repeat","background-position":"center center","background-size":"auto","background-attachment":"scroll","background-type":"","background-media":"","overlay-type":"","overlay-color":"","overlay-opacity":"","overlay-gradient":""},"mobile":{"background-color":"var(--ast-global-color-5)","background-image":"","background-repeat":"repeat","background-position":"center center","background-size":"auto","background-attachment":"scroll","background-type":"","background-media":"","overlay-type":"","overlay-color":"","overlay-opacity":"","overlay-gradient":""}},"ngg_post_thumbnail":0,"footnotes":""},"categories":[16],"tags":[56],"class_list":["post-8834","post","type-post","status-publish","format-standard","has-post-thumbnail","hentry","category-editais","tag-editalpnaes"],"_links":{"self":[{"href":"https:\/\/www2.unifap.br\/proeac\/wp-json\/wp\/v2\/posts\/8834","targetHints":{"allow":["GET"]}}],"collection":[{"href":"https:\/\/www2.unifap.br\/proeac\/wp-json\/wp\/v2\/posts"}],"about":[{"href":"https:\/\/www2.unifap.br\/proeac\/wp-json\/wp\/v2\/types\/post"}],"author":[{"embeddable":true,"href":"https:\/\/www2.unifap.br\/proeac\/wp-json\/wp\/v2\/users\/2504"}],"replies":[{"embeddable":true,"href":"https:\/\/www2.unifap.br\/proeac\/wp-json\/wp\/v2\/comments?post=8834"}],"version-history":[{"count":7,"href":"https:\/\/www2.unifap.br\/proeac\/wp-json\/wp\/v2\/posts\/8834\/revisions"}],"predecessor-version":[{"id":8842,"href":"https:\/\/www2.unifap.br\/proeac\/wp-json\/wp\/v2\/posts\/8834\/revisions\/8842"}],"wp:featuredmedia":[{"embeddable":true,"href":"https:\/\/www2.unifap.br\/proeac\/wp-json\/wp\/v2\/media\/8835"}],"wp:attachment":[{"href":"https:\/\/www2.unifap.br\/proeac\/wp-json\/wp\/v2\/media?parent=8834"}],"wp:term":[{"taxonomy":"category","embeddable":true,"href":"https:\/\/www2.unifap.br\/proeac\/wp-json\/wp\/v2\/categories?post=8834"},{"taxonomy":"post_tag","embeddable":true,"href":"https:\/\/www2.unifap.br\/proeac\/wp-json\/wp\/v2\/tags?post=8834"}],"curies":[{"name":"wp","href":"https:\/\/api.w.org\/{rel}","templated":true}]}}