{"id":307,"date":"2019-03-18T20:16:05","date_gmt":"2019-03-18T20:16:05","guid":{"rendered":"http:\/\/www2.unifap.br\/profhistoria\/?p=307"},"modified":"2019-03-18T20:17:06","modified_gmt":"2019-03-18T20:17:06","slug":"aula-magna-profhistoria-2019","status":"publish","type":"post","link":"https:\/\/www2.unifap.br\/profhistoria\/2019\/03\/18\/aula-magna-profhistoria-2019\/","title":{"rendered":"AULA MAGNA PROFHIST\u00d3RIA 2019"},"content":{"rendered":"<p>O Programa de Mestrado Profissional em Ensino de Hist\u00f3ria, em conjunto com o Mestrado em Hist\u00f3ria Social, convida a comunidade a participar da aula magna de abertura do ano 2019.&nbsp;<\/p>\n<p><strong>Palestrante:<\/strong> Prof. Dr. Cl\u00e1udio Batalha (PPGH\/Unicamp). Coordenador da \u00e1rea de Hist\u00f3ria da Capes.&nbsp;&nbsp;<\/p>\n<p><strong>T\u00edtulo:<\/strong> Desafios do momento atual: a ideia de progresso\/regresso, as amea\u00e7as ao trabalho cient\u00edfico e a falsifica\u00e7\u00e3o da Hist\u00f3ria.&nbsp;<\/p>\n<p>&nbsp;<\/p>\n<p><strong>Local:<\/strong> Anfiteatro da Unifap.&nbsp; &nbsp;<strong>Hor\u00e1rio:<\/strong> 18:00h.&nbsp;<\/p>\n<p>&nbsp;<\/p>\n<p>&nbsp;<\/p>\n<p>&nbsp;<\/p>\n<p>Atenciosamente,<\/p>\n<p>Alexandre Cruz Alves Jr<\/p>\n<p>&nbsp;<\/p>\n<p>&nbsp;<\/p>\n<p>&nbsp;<\/p>\n<p>&nbsp;<\/p>\n","protected":false},"excerpt":{"rendered":"<p>O Programa de Mestrado Profissional em Ensino de Hist\u00f3ria, em conjunto com o Mestrado em Hist\u00f3ria Social, convida a comunidade a participar da aula magna de abertura do ano 2019.&nbsp; Palestrante: Prof. Dr. Cl\u00e1udio Batalha (PPGH\/Unicamp). Coordenador da \u00e1rea de&hellip; <\/p>\n<p><a href=\"https:\/\/www2.unifap.br\/profhistoria\/2019\/03\/18\/aula-magna-profhistoria-2019\/\" class=\"readmore-button\">Continue Reading<\/a><\/p>\n","protected":false},"author":930,"featured_media":0,"comment_status":"open","ping_status":"open","sticky":false,"template":"","format":"standard","meta":{"inline_featured_image":false,"ngg_post_thumbnail":0,"footnotes":""},"categories":[1],"tags":[],"class_list":["post-307","post","type-post","status-publish","format-standard","hentry","category-sem-categoria"],"_links":{"self":[{"href":"https:\/\/www2.unifap.br\/profhistoria\/wp-json\/wp\/v2\/posts\/307","targetHints":{"allow":["GET"]}}],"collection":[{"href":"https:\/\/www2.unifap.br\/profhistoria\/wp-json\/wp\/v2\/posts"}],"about":[{"href":"https:\/\/www2.unifap.br\/profhistoria\/wp-json\/wp\/v2\/types\/post"}],"author":[{"embeddable":true,"href":"https:\/\/www2.unifap.br\/profhistoria\/wp-json\/wp\/v2\/users\/930"}],"replies":[{"embeddable":true,"href":"https:\/\/www2.unifap.br\/profhistoria\/wp-json\/wp\/v2\/comments?post=307"}],"version-history":[{"count":4,"href":"https:\/\/www2.unifap.br\/profhistoria\/wp-json\/wp\/v2\/posts\/307\/revisions"}],"predecessor-version":[{"id":311,"href":"https:\/\/www2.unifap.br\/profhistoria\/wp-json\/wp\/v2\/posts\/307\/revisions\/311"}],"wp:attachment":[{"href":"https:\/\/www2.unifap.br\/profhistoria\/wp-json\/wp\/v2\/media?parent=307"}],"wp:term":[{"taxonomy":"category","embeddable":true,"href":"https:\/\/www2.unifap.br\/profhistoria\/wp-json\/wp\/v2\/categories?post=307"},{"taxonomy":"post_tag","embeddable":true,"href":"https:\/\/www2.unifap.br\/profhistoria\/wp-json\/wp\/v2\/tags?post=307"}],"curies":[{"name":"wp","href":"https:\/\/api.w.org\/{rel}","templated":true}]}}