{"id":10791,"date":"2021-09-16T09:37:06","date_gmt":"2021-09-16T12:37:06","guid":{"rendered":"http:\/\/www2.unifap.br\/radio\/?p=10791"},"modified":"2021-09-16T09:37:06","modified_gmt":"2021-09-16T12:37:06","slug":"live-discute-sobre-saude-mental-dos-profissionais-da-saude","status":"publish","type":"post","link":"https:\/\/www2.unifap.br\/radio\/live-discute-sobre-saude-mental-dos-profissionais-da-saude\/","title":{"rendered":"Live discute sobre sa\u00fade mental dos profissionais da sa\u00fade"},"content":{"rendered":"<p><a href=\"https:\/\/api.whatsapp.com\/send?text=https:\/\/www2.unifap.br\/radio\/live-discute-sobre-saude-mental-dos-profissionais-da-saude\"><img decoding=\"async\" class=\"wp-image-8814 alignnone\" src=\"http:\/\/www2.unifap.br\/radio\/files\/2021\/05\/wt-150x150-1.jpg\" alt=\"\" width=\"56\" height=\"56\"><\/a><a href=\"https:\/\/www.facebook.com\/sharer\/sharer.php?u=https:\/\/www2.unifap.br\/radio\/live-discute-sobre-saude-mental-dos-profissionais-da-saude\"><img decoding=\"async\" class=\"wp-image-8811 alignnone\" src=\"http:\/\/www2.unifap.br\/radio\/files\/2021\/05\/f-150x150-1.jpg\" alt=\"\" width=\"60\" height=\"60\"><\/a> <a href=\"https:\/\/www.instagram.com\/radiounifapoficial\/\"><img decoding=\"async\" class=\"wp-image-8812 alignnone\" src=\"http:\/\/www2.unifap.br\/radio\/files\/2021\/05\/pf-150x150-1.jpg\" alt=\"\" width=\"56\" height=\"56\"><\/a><\/p>\n<blockquote><p><span style=\"font-weight: 400\">O debate virtual acontece no dia 16 de setembro, \u00e0s 19 horas.<\/span><\/p><\/blockquote>\n<p>Acontece nesta quinta-feira, 16, a live organizada por alunos do curso de Jornalismo da Universidade Federal do Amap\u00e1 (UNIFAP) com o tema &#8220;Sa\u00fade Mental de Profissionais da Sa\u00fade em Tempos de Pandemia&#8221;. O evento conta com a participa\u00e7\u00e3o da psic\u00f3loga Hamayana Freitas Sarmento, p\u00f3s-graduada em psicologia jur\u00eddica e intelig\u00eancia forense.&nbsp;<\/p>\n<blockquote>\n<figure id=\"attachment_10793\" aria-describedby=\"caption-attachment-10793\" style=\"width: 1080px\" class=\"wp-caption alignnone\"><img loading=\"lazy\" decoding=\"async\" class=\"size-full wp-image-10793\" src=\"http:\/\/www2.unifap.br\/radio\/files\/2021\/09\/Live-3.png\" alt=\"\" width=\"1080\" height=\"1080\" srcset=\"https:\/\/www2.unifap.br\/radio\/files\/2021\/09\/Live-3.png 1080w, https:\/\/www2.unifap.br\/radio\/files\/2021\/09\/Live-3-300x300.png 300w, https:\/\/www2.unifap.br\/radio\/files\/2021\/09\/Live-3-1024x1024.png 1024w, https:\/\/www2.unifap.br\/radio\/files\/2021\/09\/Live-3-150x150.png 150w, https:\/\/www2.unifap.br\/radio\/files\/2021\/09\/Live-3-768x768.png 768w\" sizes=\"(max-width: 1080px) 100vw, 1080px\" \/><figcaption id=\"caption-attachment-10793\" class=\"wp-caption-text\">Divulga\u00e7\u00e3o: Alunos de jornalismo da UNIFAP<\/figcaption><\/figure><\/blockquote>\n<p><span style=\"font-weight: 400\">A live faz parte do Setembro Amarelo, m\u00eas de conscientiza\u00e7\u00e3o contra o suic\u00eddio. Eloisa Silva, uma das organizadoras do evento, explicou o objetivo da discuss\u00e3o:<\/span><\/p>\n<blockquote><p>Durante a pandemia, os cuidados com a sa\u00fade mental se tornaram essenciais para que pud\u00e9ssemos lidar com tudo que nos era apresentado, e esse cen\u00e1rio se tornou ainda mais delicado para os profissionais da sa\u00fade, que tiveram que lidar com o colapso no sistema de sa\u00fade, longas jornadas de trabalho, com a vulnerabilidade a infec\u00e7\u00e3o da Covid-19, al\u00e9m do medo de colocar em risco seus familiares. Ent\u00e3o, aproveitando m\u00eas de setembro, institu\u00eddo como o m\u00eas Mundial de Preven\u00e7\u00e3o ao Suic\u00eddio, resolvemos debater o tema para alertar sobre os cuidados preventivos, de acolhimento e a import\u00e2ncia da conscientiza\u00e7\u00e3o sobre os cuidados com a mente desses profissionais.<\/p><\/blockquote>\n<p><span style=\"font-weight: 400\">A live ser\u00e1 transmitida na quinta-feira, 16 de setembro, pelo Facebook da \u201cR\u00e1dio Universit\u00e1ria 96.9 Fm\u201d \u00e0s 19hrs.<\/span><\/p>\n<h6>Colabora\u00e7\u00e3o de texto: Diego Balieiro (Bolsista de Extens\u00e3o do Escrit\u00f3rio Modelo\/R\u00e1dio e TV UNIFAP, 2021)<\/h6>\n<p><img loading=\"lazy\" decoding=\"async\" class=\"aligncenter wp-image-9334 size-large\" src=\"http:\/\/www2.unifap.br\/radio\/files\/2021\/06\/Banner_Site-QR-CODE-v2-1024x171.png\" alt=\"\" width=\"1024\" height=\"171\" srcset=\"https:\/\/www2.unifap.br\/radio\/files\/2021\/06\/Banner_Site-QR-CODE-v2-1024x171.png 1024w, https:\/\/www2.unifap.br\/radio\/files\/2021\/06\/Banner_Site-QR-CODE-v2-300x50.png 300w, https:\/\/www2.unifap.br\/radio\/files\/2021\/06\/Banner_Site-QR-CODE-v2-768x128.png 768w, https:\/\/www2.unifap.br\/radio\/files\/2021\/06\/Banner_Site-QR-CODE-v2-1536x256.png 1536w, https:\/\/www2.unifap.br\/radio\/files\/2021\/06\/Banner_Site-QR-CODE-v2-2048x341.png 2048w\" sizes=\"(max-width: 1024px) 100vw, 1024px\" \/><\/p>\n<hr>\n<h6><a href=\"http:\/\/www2.unifap.br\/radio\/files\/2021\/04\/Logo-Esc-Modelo.png\"><img loading=\"lazy\" decoding=\"async\" class=\"wp-image-8585 alignleft\" src=\"http:\/\/www2.unifap.br\/radio\/files\/2021\/04\/Logo-Esc-Modelo-300x300.png\" alt=\"\" width=\"110\" height=\"110\" srcset=\"https:\/\/www2.unifap.br\/radio\/files\/2021\/04\/Logo-Esc-Modelo-300x300.png 300w, https:\/\/www2.unifap.br\/radio\/files\/2021\/04\/Logo-Esc-Modelo-1024x1024.png 1024w, https:\/\/www2.unifap.br\/radio\/files\/2021\/04\/Logo-Esc-Modelo-150x150.png 150w, https:\/\/www2.unifap.br\/radio\/files\/2021\/04\/Logo-Esc-Modelo-768x768.png 768w, https:\/\/www2.unifap.br\/radio\/files\/2021\/04\/Logo-Esc-Modelo.png 1250w\" sizes=\"(max-width: 110px) 100vw, 110px\" \/><\/a>ATEN\u00c7\u00c3O \u2013 As informa\u00e7\u00f5es, as fotos, <span class=\"rawr\">imagens<\/span> e os textos podem ser usados e reproduzidos, integral ou parcialmente, desde que a fonte seja devidamente citada e que n\u00e3o haja altera\u00e7\u00e3o de sentido em seus conte\u00fados. Cr\u00e9dito para textos: Escrit\u00f3rio Modelo\/R\u00e1dio e TV UNIFAP, 2021.<\/h6>\n<p>&nbsp;<\/p>\n<p>&nbsp;<\/p>\n<h6>&nbsp;Acesse as Redes Sociais Oficias da TV e R\u00e1dio UNIFAP:&nbsp;&nbsp;<\/h6>\n<h6>\u00b7&nbsp;&nbsp;&nbsp;&nbsp;&nbsp;&nbsp;&nbsp;&nbsp; Facebook: <span style=\"color: #0000ff\"><a style=\"color: #0000ff\" href=\"https:\/\/www.facebook.com\/96.9fm\"><strong>https:\/\/www.facebook.com\/96.9fm&nbsp;<\/strong><\/a><\/span><\/h6>\n<h6>\u00b7&nbsp;&nbsp;&nbsp;&nbsp;&nbsp;&nbsp;&nbsp;&nbsp; Instagram: <span style=\"color: #0000ff\"><a style=\"color: #0000ff\" href=\"https:\/\/www.instagram.com\/radiounifapoficial\/\">https:\/\/www.instagram.com\/radiounifapoficial\/<\/a><\/span><\/h6>\n<h6>\u00b7&nbsp;&nbsp;&nbsp;&nbsp;&nbsp;&nbsp;&nbsp;&nbsp; WebR\u00e1dio:<span style=\"color: #0000ff\"> <a style=\"color: #0000ff\" href=\"https:\/\/estacao.radio.br\/radiounifap96\/webapp\/\">https:\/\/estacao.radio.br\/radiounifap96\/webapp\/<\/a><\/span><\/h6>\n<h3>Related Images:<\/h3>","protected":false},"excerpt":{"rendered":"<p>O debate virtual acontece no dia 16 de setembro, \u00e0s 19 horas. Acontece nesta quinta-feira, 16, a live organizada por alunos do curso de Jornalismo da Universidade Federal do Amap\u00e1 (UNIFAP) com o tema &#8220;Sa\u00fade Mental de Profissionais da Sa\u00fade em Tempos de Pandemia&#8221;. O evento conta com a participa\u00e7\u00e3o da psic\u00f3loga Hamayana Freitas Sarmento,&#8230;<\/p>\n","protected":false},"author":3845,"featured_media":10805,"comment_status":"closed","ping_status":"open","sticky":false,"template":"","format":"standard","meta":{"inline_featured_image":false,"ngg_post_thumbnail":0,"footnotes":""},"categories":[1],"tags":[132,31,177,96,119],"class_list":["post-10791","post","type-post","status-publish","format-standard","has-post-thumbnail","hentry","category-noticias","tag-debate","tag-jornalismo","tag-live","tag-online","tag-saude","entry","has-media"],"_links":{"self":[{"href":"https:\/\/www2.unifap.br\/radio\/wp-json\/wp\/v2\/posts\/10791","targetHints":{"allow":["GET"]}}],"collection":[{"href":"https:\/\/www2.unifap.br\/radio\/wp-json\/wp\/v2\/posts"}],"about":[{"href":"https:\/\/www2.unifap.br\/radio\/wp-json\/wp\/v2\/types\/post"}],"author":[{"embeddable":true,"href":"https:\/\/www2.unifap.br\/radio\/wp-json\/wp\/v2\/users\/3845"}],"replies":[{"embeddable":true,"href":"https:\/\/www2.unifap.br\/radio\/wp-json\/wp\/v2\/comments?post=10791"}],"version-history":[{"count":4,"href":"https:\/\/www2.unifap.br\/radio\/wp-json\/wp\/v2\/posts\/10791\/revisions"}],"predecessor-version":[{"id":10807,"href":"https:\/\/www2.unifap.br\/radio\/wp-json\/wp\/v2\/posts\/10791\/revisions\/10807"}],"wp:featuredmedia":[{"embeddable":true,"href":"https:\/\/www2.unifap.br\/radio\/wp-json\/wp\/v2\/media\/10805"}],"wp:attachment":[{"href":"https:\/\/www2.unifap.br\/radio\/wp-json\/wp\/v2\/media?parent=10791"}],"wp:term":[{"taxonomy":"category","embeddable":true,"href":"https:\/\/www2.unifap.br\/radio\/wp-json\/wp\/v2\/categories?post=10791"},{"taxonomy":"post_tag","embeddable":true,"href":"https:\/\/www2.unifap.br\/radio\/wp-json\/wp\/v2\/tags?post=10791"}],"curies":[{"name":"wp","href":"https:\/\/api.w.org\/{rel}","templated":true}]}}