{"id":11703,"date":"2021-11-03T13:41:43","date_gmt":"2021-11-03T16:41:43","guid":{"rendered":"http:\/\/www2.unifap.br\/radio\/?p=11703"},"modified":"2021-11-04T09:25:13","modified_gmt":"2021-11-04T12:25:13","slug":"projeto-de-extensao-escola-de-posturas-retorna-com-atividades-para-a-comunidade","status":"publish","type":"post","link":"https:\/\/www2.unifap.br\/radio\/projeto-de-extensao-escola-de-posturas-retorna-com-atividades-para-a-comunidade\/","title":{"rendered":"Projeto de extens\u00e3o Escola de Posturas retorna com atividades para a comunidade"},"content":{"rendered":"<p><a href=\"https:\/\/api.whatsapp.com\/send?text=https:\/\/www2.unifap.br\/radio\/projeto-de-extensao-escola-de-posturas-retorna-com-atividades-para-a-comunidade\"><img decoding=\"async\" class=\"wp-image-8814 alignnone\" src=\"http:\/\/www2.unifap.br\/radio\/files\/2021\/05\/wt-150x150-1.jpg\" alt=\"\" width=\"56\" height=\"56\"><\/a><a href=\"https:\/\/www.facebook.com\/sharer\/sharer.php?u=https:\/\/www2.unifap.br\/radio\/projeto-de-extensao-escola-de-posturas-retorna-com-atividades-para-a-comunidade\"><img decoding=\"async\" class=\"wp-image-8811 alignnone\" src=\"http:\/\/www2.unifap.br\/radio\/files\/2021\/05\/f-150x150-1.jpg\" alt=\"\" width=\"60\" height=\"60\"><\/a> <a href=\"https:\/\/www.instagram.com\/radiounifapoficial\/\"><img decoding=\"async\" class=\"wp-image-8812 alignnone\" src=\"http:\/\/www2.unifap.br\/radio\/files\/2021\/05\/pf-150x150-1.jpg\" alt=\"\" width=\"56\" height=\"56\"><\/a><\/p>\n<blockquote><p><i><span style=\"font-weight: 400\">Inscri\u00e7\u00f5es seguem at\u00e9 o dia 4 de novembro.<\/span><\/i><\/p><\/blockquote>\n<p><span style=\"font-weight: 400\">O Projeto de Extens\u00e3o Escola de Posturas divulgou na \u00faltima quinta-feira, dia 28 de outubro, a abertura das inscri\u00e7\u00f5es voltadas para a comunidade. O objetivo da atividade \u00e9 atender pessoas com dores corporais que possuem interesse em exercitar seu corpo. As inscri\u00e7\u00f5es s\u00e3o gratuitas e seguem at\u00e9 o dia 4 de novembro.<\/span><\/p>\n<p><span style=\"font-weight: 400\">Para participar, o interessado deve possuir idade igual ou superior a 18 anos, alguma dor na coluna, modifica\u00e7\u00e3o postural ou interesse na \u00e1rea de conhecimento corp\u00f3reo. Al\u00e9m disso, como pr\u00e9-requisito, \u00e9 necess\u00e1ria conex\u00e3o \u00e0 internet e disponibilidade entre o per\u00edodo de 9 de novembro e 9 de dezembro.<\/span><\/p>\n<blockquote>\n<figure id=\"attachment_11707\" aria-describedby=\"caption-attachment-11707\" style=\"width: 577px\" class=\"wp-caption alignnone\"><img loading=\"lazy\" decoding=\"async\" class=\"wp-image-11707 size-full\" src=\"http:\/\/www2.unifap.br\/radio\/files\/2021\/11\/ESCOLA-DE-POSTURAS.jpg\" alt=\"\" width=\"577\" height=\"577\" srcset=\"https:\/\/www2.unifap.br\/radio\/files\/2021\/11\/ESCOLA-DE-POSTURAS.jpg 577w, https:\/\/www2.unifap.br\/radio\/files\/2021\/11\/ESCOLA-DE-POSTURAS-300x300.jpg 300w, https:\/\/www2.unifap.br\/radio\/files\/2021\/11\/ESCOLA-DE-POSTURAS-150x150.jpg 150w\" sizes=\"(max-width: 577px) 100vw, 577px\" \/><figcaption id=\"caption-attachment-11707\" class=\"wp-caption-text\">Foto\/imagem: @escoladeposturas_unifap<\/figcaption><\/figure><\/blockquote>\n<p><b>Sobre a Escola de Posturas UNIFAP<\/b><\/p>\n<p><span style=\"font-weight: 400\">O projeto de extens\u00e3o iniciou suas atividades em abril de 2019 atrav\u00e9s da supervis\u00e3o da coordenadora Luciana Teles, do curso de Fisioterapia. Segundo o <\/span><a href=\"https:\/\/www2.unifap.br\/fisioterapia\/relacionamento-com-a-comunidade\/projetos-de-extensao\/escola-de-posturas-da-unifap\/\"><span style=\"font-weight: 400\">site oficial<\/span><\/a><span style=\"font-weight: 400\">, <\/span><span style=\"font-weight: 400\">\u201cal\u00e9m desta clientela alvo (externa), o programa se destina a capacitar alunos e t\u00e9cnicos administrativos do curso de Fisioterapia (clientela interna) para o trabalho de promo\u00e7\u00e3o da sa\u00fade em grupo, bem como o desenvolvimento de pesquisas no \u00e2mbito da Fisioterapia e \u00e1reas correlatas\u201d.<\/span><\/p>\n<p><span style=\"font-weight: 400\">Para mais informa\u00e7\u00f5es, consulte o <\/span><a href=\"https:\/\/www.instagram.com\/escoladeposturas_unifap\/\"><span style=\"font-weight: 400\">instagram oficial<\/span><\/a><span style=\"font-weight: 400\"> do Projeto de Extens\u00e3o Escola de Posturas e o <\/span><a href=\"https:\/\/docs.google.com\/forms\/d\/e\/1FAIpQLSfDQHgXc1u6FgdmBVo3Dzs8M9S52MiR77L3xPmvhydExf-J6w\/viewform\"><span style=\"font-weight: 400\">formul\u00e1rio de inscri\u00e7\u00e3o<\/span><\/a><span style=\"font-weight: 400\">.<\/span><\/p>\n<p>&nbsp;<\/p>\n<h6>Colabora\u00e7\u00e3o de texto: Eduardo Belfort (Bolsista de Extens\u00e3o do Escrit\u00f3rio Modelo\/R\u00e1dio e TV UNIFAP, 2021)<\/h6>\n<p><img loading=\"lazy\" decoding=\"async\" class=\"aligncenter wp-image-9334 size-large\" src=\"http:\/\/www2.unifap.br\/radio\/files\/2021\/06\/Banner_Site-QR-CODE-v2-1024x171.png\" alt=\"\" width=\"1024\" height=\"171\" srcset=\"https:\/\/www2.unifap.br\/radio\/files\/2021\/06\/Banner_Site-QR-CODE-v2-1024x171.png 1024w, https:\/\/www2.unifap.br\/radio\/files\/2021\/06\/Banner_Site-QR-CODE-v2-300x50.png 300w, https:\/\/www2.unifap.br\/radio\/files\/2021\/06\/Banner_Site-QR-CODE-v2-768x128.png 768w, https:\/\/www2.unifap.br\/radio\/files\/2021\/06\/Banner_Site-QR-CODE-v2-1536x256.png 1536w, https:\/\/www2.unifap.br\/radio\/files\/2021\/06\/Banner_Site-QR-CODE-v2-2048x341.png 2048w\" sizes=\"(max-width: 1024px) 100vw, 1024px\" \/><\/p>\n<hr>\n<h6><a href=\"http:\/\/www2.unifap.br\/radio\/files\/2021\/04\/Logo-Esc-Modelo.png\"><img loading=\"lazy\" decoding=\"async\" class=\"wp-image-8585 alignleft\" src=\"http:\/\/www2.unifap.br\/radio\/files\/2021\/04\/Logo-Esc-Modelo-300x300.png\" alt=\"\" width=\"110\" height=\"110\" srcset=\"https:\/\/www2.unifap.br\/radio\/files\/2021\/04\/Logo-Esc-Modelo-300x300.png 300w, https:\/\/www2.unifap.br\/radio\/files\/2021\/04\/Logo-Esc-Modelo-1024x1024.png 1024w, https:\/\/www2.unifap.br\/radio\/files\/2021\/04\/Logo-Esc-Modelo-150x150.png 150w, https:\/\/www2.unifap.br\/radio\/files\/2021\/04\/Logo-Esc-Modelo-768x768.png 768w, https:\/\/www2.unifap.br\/radio\/files\/2021\/04\/Logo-Esc-Modelo.png 1250w\" sizes=\"(max-width: 110px) 100vw, 110px\" \/><\/a>ATEN\u00c7\u00c3O \u2013 As informa\u00e7\u00f5es, as fotos, <span class=\"rawr\">imagens<\/span> e os textos podem ser usados e reproduzidos, integral ou parcialmente, desde que a fonte seja devidamente citada e que n\u00e3o haja altera\u00e7\u00e3o de sentido em seus conte\u00fados. Cr\u00e9dito para textos: Escrit\u00f3rio Modelo\/R\u00e1dio e TV UNIFAP, 2021.<\/h6>\n<p>&nbsp;<\/p>\n<p>&nbsp;<\/p>\n<h6>&nbsp;Acesse as Redes Sociais Oficias da TV e R\u00e1dio UNIFAP:&nbsp;&nbsp;<\/h6>\n<h6>\u00b7&nbsp;&nbsp;&nbsp;&nbsp;&nbsp;&nbsp;&nbsp;&nbsp; Facebook: <span style=\"color: #0000ff\"><a style=\"color: #0000ff\" href=\"https:\/\/www.facebook.com\/96.9fm\"><strong>https:\/\/www.facebook.com\/96.9fm&nbsp;<\/strong><\/a><\/span><\/h6>\n<h6>\u00b7&nbsp;&nbsp;&nbsp;&nbsp;&nbsp;&nbsp;&nbsp;&nbsp; Instagram: <span style=\"color: #0000ff\"><a style=\"color: #0000ff\" href=\"https:\/\/www.instagram.com\/radiounifapoficial\/\">https:\/\/www.instagram.com\/radiounifapoficial\/<\/a><\/span><\/h6>\n<h6>\u00b7&nbsp;&nbsp;&nbsp;&nbsp;&nbsp;&nbsp;&nbsp;&nbsp; WebR\u00e1dio:<span style=\"color: #0000ff\"> <a style=\"color: #0000ff\" href=\"https:\/\/estacao.radio.br\/radiounifap96\/webapp\/\">https:\/\/estacao.radio.br\/radiounifap96\/webapp\/<\/a><\/span><\/h6>\n<h3>Related Images:<\/h3>","protected":false},"excerpt":{"rendered":"<p>Inscri\u00e7\u00f5es seguem at\u00e9 o dia 4 de novembro. O Projeto de Extens\u00e3o Escola de Posturas divulgou na \u00faltima quinta-feira, dia 28 de outubro, a abertura das inscri\u00e7\u00f5es voltadas para a comunidade. O objetivo da atividade \u00e9 atender pessoas com dores corporais que possuem interesse em exercitar seu corpo. As inscri\u00e7\u00f5es s\u00e3o gratuitas e seguem at\u00e9&#8230;<\/p>\n","protected":false},"author":3845,"featured_media":11726,"comment_status":"closed","ping_status":"open","sticky":false,"template":"","format":"standard","meta":{"inline_featured_image":false,"ngg_post_thumbnail":0,"footnotes":""},"categories":[8,1],"tags":[151,416,519,324,41],"class_list":["post-11703","post","type-post","status-publish","format-standard","has-post-thumbnail","hentry","category-destaque","category-noticias","tag-fisioterapia","tag-inscricao-online","tag-novembro","tag-projeto-de-extensao","tag-unifap","entry","has-media"],"_links":{"self":[{"href":"https:\/\/www2.unifap.br\/radio\/wp-json\/wp\/v2\/posts\/11703","targetHints":{"allow":["GET"]}}],"collection":[{"href":"https:\/\/www2.unifap.br\/radio\/wp-json\/wp\/v2\/posts"}],"about":[{"href":"https:\/\/www2.unifap.br\/radio\/wp-json\/wp\/v2\/types\/post"}],"author":[{"embeddable":true,"href":"https:\/\/www2.unifap.br\/radio\/wp-json\/wp\/v2\/users\/3845"}],"replies":[{"embeddable":true,"href":"https:\/\/www2.unifap.br\/radio\/wp-json\/wp\/v2\/comments?post=11703"}],"version-history":[{"count":2,"href":"https:\/\/www2.unifap.br\/radio\/wp-json\/wp\/v2\/posts\/11703\/revisions"}],"predecessor-version":[{"id":11711,"href":"https:\/\/www2.unifap.br\/radio\/wp-json\/wp\/v2\/posts\/11703\/revisions\/11711"}],"wp:featuredmedia":[{"embeddable":true,"href":"https:\/\/www2.unifap.br\/radio\/wp-json\/wp\/v2\/media\/11726"}],"wp:attachment":[{"href":"https:\/\/www2.unifap.br\/radio\/wp-json\/wp\/v2\/media?parent=11703"}],"wp:term":[{"taxonomy":"category","embeddable":true,"href":"https:\/\/www2.unifap.br\/radio\/wp-json\/wp\/v2\/categories?post=11703"},{"taxonomy":"post_tag","embeddable":true,"href":"https:\/\/www2.unifap.br\/radio\/wp-json\/wp\/v2\/tags?post=11703"}],"curies":[{"name":"wp","href":"https:\/\/api.w.org\/{rel}","templated":true}]}}