{"id":8515,"date":"2021-04-27T11:00:47","date_gmt":"2021-04-27T14:00:47","guid":{"rendered":"http:\/\/www2.unifap.br\/radio\/?p=8515"},"modified":"2021-04-27T12:46:15","modified_gmt":"2021-04-27T15:46:15","slug":"unifap-no-ar","status":"publish","type":"post","link":"https:\/\/www2.unifap.br\/radio\/unifap-no-ar\/","title":{"rendered":"\u201cUnifap no Ar\u201d: boletim di\u00e1rio de not\u00edcias para a comunidade"},"content":{"rendered":"<blockquote>\n<p class=\"aligncenter\" style=\"padding-left: 30px;text-align: left\"><span style=\"color: #000000\"><i>A produ\u00e7\u00e3o \u00e9 da equipe do Escrit\u00f3rio Modelo &#8220;Unifap Not\u00edcias&#8221;, do curso de Jornalismo da Unifap.<\/i><\/span><\/p>\n<\/blockquote>\n<p><span style=\"color: #000000\">O &#8216;UNIFAP NO AR&#8217; \u00e9 um boletim radiof\u00f4nico di\u00e1rio, com as not\u00edcias da Universidade Federal do Amap\u00e1 (UNIFAP), entrevistas e dicas de sa\u00fade lazer. A produ\u00e7\u00e3o \u00e9 da e<span style=\"font-weight: 400\">quipe do Escrit\u00f3rio Modelo &#8220;Unifap Not\u00edcias&#8221;, do curso de Jornalismo da Unifap, em parceria com a R\u00e1dio Universit\u00e1ria 96.9 FM. <\/span>Ou\u00e7a pelo canal oficial do&nbsp;<a style=\"color: #000000\" href=\"https:\/\/open.spotify.com\/show\/6ecDv383AshyNpl6QpvXVi\"><strong>UNIFAP no AR no Spotify, <\/strong><\/a>na R\u00e1dio Fronteira 104.9 FM e na R\u00e1dio Assembleia 93,9 FM.<\/span><\/p>\n<blockquote><p><span style=\"color: #000000\"><strong>Confira a edi\u00e7\u00e3o mais recente no Spotify<\/strong><\/span><\/p>\n<p>https:\/\/open.spotify.com\/show\/6ecDv383AshyNpl6QpvXVi<\/p><\/blockquote>\n<h2><span style=\"color: #000000\"><strong>Conhe\u00e7a a equipe:<\/strong><\/span><\/h2>\n<ul>\n<li><span style=\"color: #000000\"><b>Produtores:&nbsp;<\/b>Addan Vieira e Iago Fonseca<\/span><\/li>\n<li><span style=\"color: #000000\"><strong>Reda\u00e7\u00e3o:&nbsp;<\/strong>Vinicius Trindade e Maison Brito<\/span><\/li>\n<li><span style=\"color: #000000\"><strong>Coordena\u00e7\u00e3o:<\/strong> Prof\u00aa Dr\u00aa Roberta Scheibe<\/span><\/li>\n<li><span style=\"color: #000000\"><strong>Supervis\u00e3o Geral:<\/strong> Prof. Dr. Paulo Giraldi<\/span><\/li>\n<\/ul>\n<p>&nbsp;<\/p>\n<hr>\n<h6><a href=\"http:\/\/www2.unifap.br\/radio\/files\/2021\/04\/Logo-Esc-Modelo.png\"><img decoding=\"async\" class=\"wp-image-8585 alignleft\" src=\"http:\/\/www2.unifap.br\/radio\/files\/2021\/04\/Logo-Esc-Modelo-300x300.png\" alt=\"\" width=\"70\" height=\"70\" srcset=\"https:\/\/www2.unifap.br\/radio\/files\/2021\/04\/Logo-Esc-Modelo-300x300.png 300w, https:\/\/www2.unifap.br\/radio\/files\/2021\/04\/Logo-Esc-Modelo-1024x1024.png 1024w, https:\/\/www2.unifap.br\/radio\/files\/2021\/04\/Logo-Esc-Modelo-150x150.png 150w, https:\/\/www2.unifap.br\/radio\/files\/2021\/04\/Logo-Esc-Modelo-768x768.png 768w, https:\/\/www2.unifap.br\/radio\/files\/2021\/04\/Logo-Esc-Modelo.png 1250w\" sizes=\"(max-width: 70px) 100vw, 70px\" \/><\/a>ATEN\u00c7\u00c3O \u2013 As informa\u00e7\u00f5es, as fotos, <span class=\"rawr\">imagens<\/span> e os textos podem ser usados e reproduzidos, integral ou parcialmente, desde que a fonte seja devidamente citada e que n\u00e3o haja altera\u00e7\u00e3o de sentido em seus conte\u00fados. Cr\u00e9dito para textos: Escrit\u00f3rio Modelo\/R\u00e1dio e TV UNIFAP, 2021.&nbsp;<\/h6>\n<h3>Related Images:<\/h3>","protected":false},"excerpt":{"rendered":"<p>A produ\u00e7\u00e3o \u00e9 da equipe do Escrit\u00f3rio Modelo &#8220;Unifap Not\u00edcias&#8221;, do curso de Jornalismo da Unifap. O &#8216;UNIFAP NO AR&#8217; \u00e9 um boletim radiof\u00f4nico di\u00e1rio, com as not\u00edcias da Universidade Federal do Amap\u00e1 (UNIFAP), entrevistas e dicas de sa\u00fade lazer. A produ\u00e7\u00e3o \u00e9 da equipe do Escrit\u00f3rio Modelo &#8220;Unifap Not\u00edcias&#8221;, do curso de Jornalismo da&#8230;<\/p>\n","protected":false},"author":3845,"featured_media":8517,"comment_status":"open","ping_status":"open","sticky":false,"template":"","format":"standard","meta":{"inline_featured_image":false,"ngg_post_thumbnail":0,"footnotes":""},"categories":[8,10],"tags":[],"class_list":["post-8515","post","type-post","status-publish","format-standard","has-post-thumbnail","hentry","category-destaque","category-programa","entry","has-media"],"_links":{"self":[{"href":"https:\/\/www2.unifap.br\/radio\/wp-json\/wp\/v2\/posts\/8515","targetHints":{"allow":["GET"]}}],"collection":[{"href":"https:\/\/www2.unifap.br\/radio\/wp-json\/wp\/v2\/posts"}],"about":[{"href":"https:\/\/www2.unifap.br\/radio\/wp-json\/wp\/v2\/types\/post"}],"author":[{"embeddable":true,"href":"https:\/\/www2.unifap.br\/radio\/wp-json\/wp\/v2\/users\/3845"}],"replies":[{"embeddable":true,"href":"https:\/\/www2.unifap.br\/radio\/wp-json\/wp\/v2\/comments?post=8515"}],"version-history":[{"count":8,"href":"https:\/\/www2.unifap.br\/radio\/wp-json\/wp\/v2\/posts\/8515\/revisions"}],"predecessor-version":[{"id":8636,"href":"https:\/\/www2.unifap.br\/radio\/wp-json\/wp\/v2\/posts\/8515\/revisions\/8636"}],"wp:featuredmedia":[{"embeddable":true,"href":"https:\/\/www2.unifap.br\/radio\/wp-json\/wp\/v2\/media\/8517"}],"wp:attachment":[{"href":"https:\/\/www2.unifap.br\/radio\/wp-json\/wp\/v2\/media?parent=8515"}],"wp:term":[{"taxonomy":"category","embeddable":true,"href":"https:\/\/www2.unifap.br\/radio\/wp-json\/wp\/v2\/categories?post=8515"},{"taxonomy":"post_tag","embeddable":true,"href":"https:\/\/www2.unifap.br\/radio\/wp-json\/wp\/v2\/tags?post=8515"}],"curies":[{"name":"wp","href":"https:\/\/api.w.org\/{rel}","templated":true}]}}