{"id":9460,"date":"2021-07-08T14:23:46","date_gmt":"2021-07-08T17:23:46","guid":{"rendered":"http:\/\/www2.unifap.br\/radio\/?p=9460"},"modified":"2021-07-09T11:21:45","modified_gmt":"2021-07-09T14:21:45","slug":"nitt-lanca-edital-de-selecao-para-o-programa-institucional-de-bolsas-de-iniciacao-em-desenvolvimento-tecnologico-e-inovacao-pibiti","status":"publish","type":"post","link":"https:\/\/www2.unifap.br\/radio\/nitt-lanca-edital-de-selecao-para-o-programa-institucional-de-bolsas-de-iniciacao-em-desenvolvimento-tecnologico-e-inovacao-pibiti\/","title":{"rendered":"NITT lan\u00e7a edital de sele\u00e7\u00e3o para o Programa Institucional de Bolsas de Inicia\u00e7\u00e3o em Desenvolvimento Tecnol\u00f3gico e Inova\u00e7\u00e3o &#8211; PIBITI"},"content":{"rendered":"<p><a href=\"https:\/\/api.whatsapp.com\/send?text=https:\/\/www2.unifap.br\/radio\/nitt-lanca-edital-de-selecao-para-o-programa-institucional-de-bolsas-de-iniciacao-em-desenvolvimento-tecnologico-e-inovacao-pibiti\"><img decoding=\"async\" class=\"wp-image-8814 alignnone\" src=\"http:\/\/www2.unifap.br\/radio\/files\/2021\/05\/wt-150x150-1.jpg\" alt=\"\" width=\"56\" height=\"56\"><\/a><a href=\"https:\/\/www.facebook.com\/sharer\/sharer.php?u=https:\/\/www2.unifap.br\/radio\/nitt-lanca-edital-de-selecao-para-o-programa-institucional-de-bolsas-de-iniciacao-em-desenvolvimento-tecnologico-e-inovacao-pibiti\"><img decoding=\"async\" class=\"wp-image-8811 alignnone\" src=\"http:\/\/www2.unifap.br\/radio\/files\/2021\/05\/f-150x150-1.jpg\" alt=\"\" width=\"60\" height=\"60\"><\/a> <a href=\"https:\/\/www.instagram.com\/radiounifapoficial\/\"><img decoding=\"async\" class=\"wp-image-8812 alignnone\" src=\"http:\/\/www2.unifap.br\/radio\/files\/2021\/05\/pf-150x150-1.jpg\" alt=\"\" width=\"56\" height=\"56\"><\/a><\/p>\n<blockquote><p><em>As inscri\u00e7\u00f5es ocorrem entre os dias 11 e 25 de julho atrav\u00e9s da plataforma SIGAA e por meio de preenchimento de formul\u00e1rio online. <\/em><\/p><\/blockquote>\n<p>A Pr\u00f3-Reitoria de Pesquisa e P\u00f3s-Gradua\u00e7\u00e3o da Universidade Federal do Amap\u00e1 (PROPESPG\/UNIFAP) atrav\u00e9s do N\u00facleo de Inova\u00e7\u00e3o e Transfer\u00eancia de Tecnologia (NITT) divulgou, nesta segunda-feira (05), o Edital de sele\u00e7\u00e3o para o Programa Institucional de Bolsas de Inicia\u00e7\u00e3o em Desenvolvimento Tecnol\u00f3gico e Inova\u00e7\u00e3o, na modalidade PIBITI\/CNPq, objetivando estimular jovens do ensino superior nas atividades, metodologias, conhecimentos e pr\u00e1ticas pr\u00f3prias ao desenvolvimento tecnol\u00f3gico e processos de inova\u00e7\u00e3o.<\/p>\n<p>Ser\u00e3o disponibilizadas 14 (quatorze) bolsas definidas pelo CNPq, com a possibilidade de oferta de mais bolsas, conforme a disposi\u00e7\u00e3o or\u00e7ament\u00e1ria. As bolsas s\u00e3o no valor de R$ 400,00 (quatrocentos reais), com pagamento mensal, e ter\u00e3o dura\u00e7\u00e3o de 12 (doze) meses, com vig\u00eancia de setembro de 2021 a agosto de 2022.<\/p>\n<p>As inscri\u00e7\u00f5es devem ser realizadas pelo docente candidato a orientador, segundo as etapas dispostas no edital, e o preenchimento do formul\u00e1rio pode ser feito entre os dias 11 e 25 de junho, atrav\u00e9s do link <strong><a href=\"https:\/\/forms.gle\/sA7abgxJnt6iggP2A\">https:\/\/forms.gle\/sA7abgxJnt6iggP2A<\/a><\/strong>. Para ter acesso ao formul\u00e1rio, o docente dever\u00e1 estar logado com sua conta institucional ou com uma conta do Gmail.<\/p>\n<p>A divulga\u00e7\u00e3o do resultado acontece no dia 17 de agosto, e a convoca\u00e7\u00e3o para assinatura do termo de compromisso do bolsista ocorre at\u00e9 o dia 5 de setembro. Para mais informa\u00e7\u00f5es, basta acessar o <strong><a href=\"https:\/\/www2.unifap.br\/nitt\/files\/2021\/07\/EDITAL-N%c2%ba-001_2021_NITT_PROPESPG_UNIFAP.pdf\">edital de sele\u00e7\u00e3o<\/a><\/strong> ou entrar em contato com o NITT por meio do telefone <strong>(96) 4009-2803<\/strong> e atrav\u00e9s do email <strong>nitt@unifap.br<\/strong>.<\/p>\n<p>&nbsp;<\/p>\n<h6>Colabora\u00e7\u00e3o de texto: Marcela Souza (Bolsista de Extens\u00e3o do Escrit\u00f3rio Modelo\/R\u00e1dio e TV UNIFAP, 2021)<\/h6>\n<p><img loading=\"lazy\" decoding=\"async\" class=\"aligncenter wp-image-9334 size-large\" src=\"http:\/\/www2.unifap.br\/radio\/files\/2021\/06\/Banner_Site-QR-CODE-v2-1024x171.png\" alt=\"\" width=\"1024\" height=\"171\" srcset=\"https:\/\/www2.unifap.br\/radio\/files\/2021\/06\/Banner_Site-QR-CODE-v2-1024x171.png 1024w, https:\/\/www2.unifap.br\/radio\/files\/2021\/06\/Banner_Site-QR-CODE-v2-300x50.png 300w, https:\/\/www2.unifap.br\/radio\/files\/2021\/06\/Banner_Site-QR-CODE-v2-768x128.png 768w, https:\/\/www2.unifap.br\/radio\/files\/2021\/06\/Banner_Site-QR-CODE-v2-1536x256.png 1536w, https:\/\/www2.unifap.br\/radio\/files\/2021\/06\/Banner_Site-QR-CODE-v2-2048x341.png 2048w\" sizes=\"(max-width: 1024px) 100vw, 1024px\" \/><\/p>\n<hr>\n<h6><a href=\"http:\/\/www2.unifap.br\/radio\/files\/2021\/04\/Logo-Esc-Modelo.png\"><img loading=\"lazy\" decoding=\"async\" class=\"wp-image-8585 alignleft\" src=\"http:\/\/www2.unifap.br\/radio\/files\/2021\/04\/Logo-Esc-Modelo-300x300.png\" alt=\"\" width=\"110\" height=\"110\" srcset=\"https:\/\/www2.unifap.br\/radio\/files\/2021\/04\/Logo-Esc-Modelo-300x300.png 300w, https:\/\/www2.unifap.br\/radio\/files\/2021\/04\/Logo-Esc-Modelo-1024x1024.png 1024w, https:\/\/www2.unifap.br\/radio\/files\/2021\/04\/Logo-Esc-Modelo-150x150.png 150w, https:\/\/www2.unifap.br\/radio\/files\/2021\/04\/Logo-Esc-Modelo-768x768.png 768w, https:\/\/www2.unifap.br\/radio\/files\/2021\/04\/Logo-Esc-Modelo.png 1250w\" sizes=\"(max-width: 110px) 100vw, 110px\" \/><\/a>ATEN\u00c7\u00c3O \u2013 As informa\u00e7\u00f5es, as fotos, <span class=\"rawr\">imagens<\/span> e os textos podem ser usados e reproduzidos, integral ou parcialmente, desde que a fonte seja devidamente citada e que n\u00e3o haja altera\u00e7\u00e3o de sentido em seus conte\u00fados. Cr\u00e9dito para textos: Escrit\u00f3rio Modelo\/R\u00e1dio e TV UNIFAP, 2021.<\/h6>\n<p>&nbsp;<\/p>\n<p>&nbsp;<\/p>\n<h6>&nbsp;Acesse as Redes Sociais Oficias da TV e R\u00e1dio UNIFAP:&nbsp;&nbsp;<\/h6>\n<h6>\u00b7&nbsp;&nbsp;&nbsp;&nbsp;&nbsp;&nbsp;&nbsp;&nbsp; Facebook: <span style=\"color: #0000ff\"><a style=\"color: #0000ff\" href=\"https:\/\/www.facebook.com\/96.9fm\"><strong>https:\/\/www.facebook.com\/96.9fm&nbsp;<\/strong><\/a><\/span><\/h6>\n<h6>\u00b7&nbsp;&nbsp;&nbsp;&nbsp;&nbsp;&nbsp;&nbsp;&nbsp; Instagram: <span style=\"color: #0000ff\"><a style=\"color: #0000ff\" href=\"https:\/\/www.instagram.com\/radiounifapoficial\/\">https:\/\/www.instagram.com\/radiounifapoficial\/<\/a><\/span><\/h6>\n<h6>\u00b7&nbsp;&nbsp;&nbsp;&nbsp;&nbsp;&nbsp;&nbsp;&nbsp; WebR\u00e1dio:<span style=\"color: #0000ff\"> <a style=\"color: #0000ff\" href=\"https:\/\/estacao.radio.br\/radiounifap96\/webapp\/\">https:\/\/estacao.radio.br\/radiounifap96\/webapp\/<\/a><\/span><\/h6>\n<h3>Related Images:<\/h3>","protected":false},"excerpt":{"rendered":"<p>As inscri\u00e7\u00f5es ocorrem entre os dias 11 e 25 de julho atrav\u00e9s da plataforma SIGAA e por meio de preenchimento de formul\u00e1rio online. A Pr\u00f3-Reitoria de Pesquisa e P\u00f3s-Gradua\u00e7\u00e3o da Universidade Federal do Amap\u00e1 (PROPESPG\/UNIFAP) atrav\u00e9s do N\u00facleo de Inova\u00e7\u00e3o e Transfer\u00eancia de Tecnologia (NITT) divulgou, nesta segunda-feira (05), o Edital de sele\u00e7\u00e3o para o&#8230;<\/p>\n","protected":false},"author":3845,"featured_media":9463,"comment_status":"closed","ping_status":"open","sticky":false,"template":"","format":"standard","meta":{"inline_featured_image":false,"ngg_post_thumbnail":0,"footnotes":""},"categories":[8],"tags":[65,117,116,41],"class_list":["post-9460","post","type-post","status-publish","format-standard","has-post-thumbnail","hentry","category-destaque","tag-edital","tag-iniciacao-cientifica","tag-pibiti","tag-unifap","entry","has-media"],"_links":{"self":[{"href":"https:\/\/www2.unifap.br\/radio\/wp-json\/wp\/v2\/posts\/9460","targetHints":{"allow":["GET"]}}],"collection":[{"href":"https:\/\/www2.unifap.br\/radio\/wp-json\/wp\/v2\/posts"}],"about":[{"href":"https:\/\/www2.unifap.br\/radio\/wp-json\/wp\/v2\/types\/post"}],"author":[{"embeddable":true,"href":"https:\/\/www2.unifap.br\/radio\/wp-json\/wp\/v2\/users\/3845"}],"replies":[{"embeddable":true,"href":"https:\/\/www2.unifap.br\/radio\/wp-json\/wp\/v2\/comments?post=9460"}],"version-history":[{"count":1,"href":"https:\/\/www2.unifap.br\/radio\/wp-json\/wp\/v2\/posts\/9460\/revisions"}],"predecessor-version":[{"id":9464,"href":"https:\/\/www2.unifap.br\/radio\/wp-json\/wp\/v2\/posts\/9460\/revisions\/9464"}],"wp:featuredmedia":[{"embeddable":true,"href":"https:\/\/www2.unifap.br\/radio\/wp-json\/wp\/v2\/media\/9463"}],"wp:attachment":[{"href":"https:\/\/www2.unifap.br\/radio\/wp-json\/wp\/v2\/media?parent=9460"}],"wp:term":[{"taxonomy":"category","embeddable":true,"href":"https:\/\/www2.unifap.br\/radio\/wp-json\/wp\/v2\/categories?post=9460"},{"taxonomy":"post_tag","embeddable":true,"href":"https:\/\/www2.unifap.br\/radio\/wp-json\/wp\/v2\/tags?post=9460"}],"curies":[{"name":"wp","href":"https:\/\/api.w.org\/{rel}","templated":true}]}}