{"id":9726,"date":"2021-07-22T11:31:12","date_gmt":"2021-07-22T14:31:12","guid":{"rendered":"http:\/\/www2.unifap.br\/radio\/?p=9726"},"modified":"2021-07-22T11:31:12","modified_gmt":"2021-07-22T14:31:12","slug":"julho-das-pretas-adepap-realizara-live-sobre-a-saude-mental-da-mulher-negra-nortista","status":"publish","type":"post","link":"https:\/\/www2.unifap.br\/radio\/julho-das-pretas-adepap-realizara-live-sobre-a-saude-mental-da-mulher-negra-nortista\/","title":{"rendered":"Julho das Pretas: ADEPAP realizar\u00e1 live sobre a sa\u00fade mental da mulher negra nortista"},"content":{"rendered":"<p><a href=\"https:\/\/api.whatsapp.com\/send?text=https:\/\/www2.unifap.br\/radio\/julho-das-pretas-adepap-realizara-live-sobre-a-saude-mental-da-mulher-negra-nortista\"><img decoding=\"async\" class=\"wp-image-8814 alignnone\" src=\"http:\/\/www2.unifap.br\/radio\/files\/2021\/05\/wt-150x150-1.jpg\" alt=\"\" width=\"56\" height=\"56\"><\/a><a href=\"https:\/\/www.facebook.com\/sharer\/sharer.php?u=https:\/\/www2.unifap.br\/radio\/julho-das-pretas-adepap-realizara-live-sobre-a-saude-mental-da-mulher-negra-nortista\"><img decoding=\"async\" class=\"wp-image-8811 alignnone\" src=\"http:\/\/www2.unifap.br\/radio\/files\/2021\/05\/f-150x150-1.jpg\" alt=\"\" width=\"60\" height=\"60\"><\/a> <a href=\"https:\/\/www.instagram.com\/radiounifapoficial\/\"><img decoding=\"async\" class=\"wp-image-8812 alignnone\" src=\"http:\/\/www2.unifap.br\/radio\/files\/2021\/05\/pf-150x150-1.jpg\" alt=\"\" width=\"56\" height=\"56\"><\/a><\/p>\n<blockquote><p><em>A live ser\u00e1 transmitida pelo instagram da ADEPAP (<\/em><a href=\"https:\/\/www.instagram.com\/associacaoadepap\/\"><em>@associacaoadepap<\/em><\/a><em>).<\/em><\/p><\/blockquote>\n<p>A Associa\u00e7\u00e3o das Defensoras e Defensores P\u00fablicos do Amap\u00e1 (ADEPAP) promover\u00e1 debate sobre a sa\u00fade mental da mulher negra nortista. A live tem a finalidade de proporcionar an\u00e1lises e reflex\u00f5es sobre a mulher negra e todos os poss\u00edveis impactos em sua sa\u00fade mental em consequ\u00eancia do racismo vivenciado diariamente da inf\u00e2ncia at\u00e9 a velhice.<\/p>\n<p>\u201cN\u00f3s consideramos extremamente adequado ao tema debater sobre a sa\u00fade mental da mulher negra nortista, j\u00e1 que o Amap\u00e1 \u00e9 um dos Estados que possui a maior parte da popula\u00e7\u00e3o formada por pessoas negras, ind\u00edgenas e quilombolas\u201d, comenta Giovanna Burgos, presidente da ADEPAP.<\/p>\n<p>Al\u00e9m de debater sobre o tema da sa\u00fade mental da mulher negra nortista, o evento marca a data das comemora\u00e7\u00f5es do Dia Internacional da Mulher Negra Latino-Americana e Caribenha, comemorado no dia 25 de julho. E no Brasil, esta data tamb\u00e9m presta homenagem \u00e0 Tereza de Benguela, l\u00edder quilombola de extrema relev\u00e2ncia para a forma\u00e7\u00e3o pol\u00edtico hist\u00f3rica do pa\u00eds.&nbsp;<\/p>\n<p>Este ano, a ADEPAP promove no estado uma campanha da Associa\u00e7\u00e3o Nacional das defensoras e defensores p\u00fablicos que se chama <em>\u201cracismo se combate em todo lugar: defensoras e defensores p\u00fablicos pela equidade racial\u201d. <\/em>Segundo Giovanna Burgos, \u201cEssa iniciativa tem como objetivo fomentar a necessidade de equidade \u00e9tnico racial no acesso a direitos, no acesso a pol\u00edticas p\u00fablicas de pessoas ind\u00edgenas, negras, quilombolas e povos tradicionais. E tamb\u00e9m, tem o intuito de provocar a sociedade, o Estado e a pr\u00f3pria imprensa para que o antirracismo seja uma luta de todos e todas por meio da educa\u00e7\u00e3o em direitos.&#8221;<\/p>\n<p>Para debater sobre a sa\u00fade mental da mulher negra nortista foram convidadas a psic\u00f3loga Miriam Carvalho da Silva e a estudante de psicologia Daniela dos Santos Azevedo. Miriam Carvalho \u00e9 especialista na \u00e1rea da educa\u00e7\u00e3o com foco para as pol\u00edticas de a\u00e7\u00f5es afirmativas e tamb\u00e9m pesquisadora em sa\u00fade mental da popula\u00e7\u00e3o negra com recorte para o Amap\u00e1. Daniela dos Santos Azevedo \u00e9 acad\u00eamica do d\u00e9cimo semestre de psicologia, integrante da articula\u00e7\u00e3o nacional de psic\u00f3logas(os) negras(os) e pesquisadoras(es) ANPSINEP &#8211; n\u00facleo do Amap\u00e1 e integrante da coordena\u00e7\u00e3o de grupo dos estudos socioculturais do Amap\u00e1.<\/p>\n<p>A live ser\u00e1 transmitida pelo instagram da ADEPAP (<a href=\"https:\/\/www.instagram.com\/associacaoadepap\/\">@associacaoadepap<\/a>), no pr\u00f3ximo dia 23 de julho, \u00e0s 18 horas.<\/p>\n<p>&nbsp;<\/p>\n<h6>Colabora\u00e7\u00e3o de texto: Zenaide Castelo (Estagi\u00e1ria do Escrit\u00f3rio Modelo\/R\u00e1dio e TV UNIFAP, 2021)<\/h6>\n<p><img loading=\"lazy\" decoding=\"async\" class=\"aligncenter wp-image-9334 size-large\" src=\"http:\/\/www2.unifap.br\/radio\/files\/2021\/06\/Banner_Site-QR-CODE-v2-1024x171.png\" alt=\"\" width=\"1024\" height=\"171\" srcset=\"https:\/\/www2.unifap.br\/radio\/files\/2021\/06\/Banner_Site-QR-CODE-v2-1024x171.png 1024w, https:\/\/www2.unifap.br\/radio\/files\/2021\/06\/Banner_Site-QR-CODE-v2-300x50.png 300w, https:\/\/www2.unifap.br\/radio\/files\/2021\/06\/Banner_Site-QR-CODE-v2-768x128.png 768w, https:\/\/www2.unifap.br\/radio\/files\/2021\/06\/Banner_Site-QR-CODE-v2-1536x256.png 1536w, https:\/\/www2.unifap.br\/radio\/files\/2021\/06\/Banner_Site-QR-CODE-v2-2048x341.png 2048w\" sizes=\"(max-width: 1024px) 100vw, 1024px\" \/><\/p>\n<hr>\n<h6><a href=\"http:\/\/www2.unifap.br\/radio\/files\/2021\/04\/Logo-Esc-Modelo.png\"><img loading=\"lazy\" decoding=\"async\" class=\"wp-image-8585 alignleft\" src=\"http:\/\/www2.unifap.br\/radio\/files\/2021\/04\/Logo-Esc-Modelo-300x300.png\" alt=\"\" width=\"110\" height=\"110\" srcset=\"https:\/\/www2.unifap.br\/radio\/files\/2021\/04\/Logo-Esc-Modelo-300x300.png 300w, https:\/\/www2.unifap.br\/radio\/files\/2021\/04\/Logo-Esc-Modelo-1024x1024.png 1024w, https:\/\/www2.unifap.br\/radio\/files\/2021\/04\/Logo-Esc-Modelo-150x150.png 150w, https:\/\/www2.unifap.br\/radio\/files\/2021\/04\/Logo-Esc-Modelo-768x768.png 768w, https:\/\/www2.unifap.br\/radio\/files\/2021\/04\/Logo-Esc-Modelo.png 1250w\" sizes=\"(max-width: 110px) 100vw, 110px\" \/><\/a>ATEN\u00c7\u00c3O \u2013 As informa\u00e7\u00f5es, as fotos, <span class=\"rawr\">imagens<\/span> e os textos podem ser usados e reproduzidos, integral ou parcialmente, desde que a fonte seja devidamente citada e que n\u00e3o haja altera\u00e7\u00e3o de sentido em seus conte\u00fados. Cr\u00e9dito para textos: Escrit\u00f3rio Modelo\/R\u00e1dio e TV UNIFAP, 2021.<\/h6>\n<p>&nbsp;<\/p>\n<p>&nbsp;<\/p>\n<h6>&nbsp;Acesse as Redes Sociais Oficias da TV e R\u00e1dio UNIFAP:&nbsp;&nbsp;<\/h6>\n<h6>\u00b7&nbsp;&nbsp;&nbsp;&nbsp;&nbsp;&nbsp;&nbsp;&nbsp; Facebook: <span style=\"color: #0000ff\"><a style=\"color: #0000ff\" href=\"https:\/\/www.facebook.com\/96.9fm\"><strong>https:\/\/www.facebook.com\/96.9fm&nbsp;<\/strong><\/a><\/span><\/h6>\n<h6>\u00b7&nbsp;&nbsp;&nbsp;&nbsp;&nbsp;&nbsp;&nbsp;&nbsp; Instagram: <span style=\"color: #0000ff\"><a style=\"color: #0000ff\" href=\"https:\/\/www.instagram.com\/radiounifapoficial\/\">https:\/\/www.instagram.com\/radiounifapoficial\/<\/a><\/span><\/h6>\n<h6>\u00b7&nbsp;&nbsp;&nbsp;&nbsp;&nbsp;&nbsp;&nbsp;&nbsp; WebR\u00e1dio:<span style=\"color: #0000ff\"> <a style=\"color: #0000ff\" href=\"https:\/\/estacao.radio.br\/radiounifap96\/webapp\/\">https:\/\/estacao.radio.br\/radiounifap96\/webapp\/<\/a><\/span><\/h6>\n<h3>Related Images:<\/h3>","protected":false},"excerpt":{"rendered":"<p>A live ser\u00e1 transmitida pelo instagram da ADEPAP (@associacaoadepap). A Associa\u00e7\u00e3o das Defensoras e Defensores P\u00fablicos do Amap\u00e1 (ADEPAP) promover\u00e1 debate sobre a sa\u00fade mental da mulher negra nortista. A live tem a finalidade de proporcionar an\u00e1lises e reflex\u00f5es sobre a mulher negra e todos os poss\u00edveis impactos em sua sa\u00fade mental em consequ\u00eancia do&#8230;<\/p>\n","protected":false},"author":3845,"featured_media":9728,"comment_status":"closed","ping_status":"open","sticky":false,"template":"","format":"standard","meta":{"inline_featured_image":false,"ngg_post_thumbnail":0,"footnotes":""},"categories":[8,1],"tags":[178,179,177],"class_list":["post-9726","post","type-post","status-publish","format-standard","has-post-thumbnail","hentry","category-destaque","category-noticias","tag-adepap","tag-julho-das-pretas","tag-live","entry","has-media"],"_links":{"self":[{"href":"https:\/\/www2.unifap.br\/radio\/wp-json\/wp\/v2\/posts\/9726","targetHints":{"allow":["GET"]}}],"collection":[{"href":"https:\/\/www2.unifap.br\/radio\/wp-json\/wp\/v2\/posts"}],"about":[{"href":"https:\/\/www2.unifap.br\/radio\/wp-json\/wp\/v2\/types\/post"}],"author":[{"embeddable":true,"href":"https:\/\/www2.unifap.br\/radio\/wp-json\/wp\/v2\/users\/3845"}],"replies":[{"embeddable":true,"href":"https:\/\/www2.unifap.br\/radio\/wp-json\/wp\/v2\/comments?post=9726"}],"version-history":[{"count":2,"href":"https:\/\/www2.unifap.br\/radio\/wp-json\/wp\/v2\/posts\/9726\/revisions"}],"predecessor-version":[{"id":9734,"href":"https:\/\/www2.unifap.br\/radio\/wp-json\/wp\/v2\/posts\/9726\/revisions\/9734"}],"wp:featuredmedia":[{"embeddable":true,"href":"https:\/\/www2.unifap.br\/radio\/wp-json\/wp\/v2\/media\/9728"}],"wp:attachment":[{"href":"https:\/\/www2.unifap.br\/radio\/wp-json\/wp\/v2\/media?parent=9726"}],"wp:term":[{"taxonomy":"category","embeddable":true,"href":"https:\/\/www2.unifap.br\/radio\/wp-json\/wp\/v2\/categories?post=9726"},{"taxonomy":"post_tag","embeddable":true,"href":"https:\/\/www2.unifap.br\/radio\/wp-json\/wp\/v2\/tags?post=9726"}],"curies":[{"name":"wp","href":"https:\/\/api.w.org\/{rel}","templated":true}]}}