{"id":9760,"date":"2021-07-27T11:10:01","date_gmt":"2021-07-27T14:10:01","guid":{"rendered":"http:\/\/www2.unifap.br\/radio\/?p=9760"},"modified":"2021-07-27T11:10:01","modified_gmt":"2021-07-27T14:10:01","slug":"municipio-de-santana-promove-3o-simposio-internacional-da-educacao","status":"publish","type":"post","link":"https:\/\/www2.unifap.br\/radio\/municipio-de-santana-promove-3o-simposio-internacional-da-educacao\/","title":{"rendered":"Munic\u00edpio de Santana promove 3\u00ba simp\u00f3sio internacional da educa\u00e7\u00e3o"},"content":{"rendered":"<p><a class=\"no-lightbox\" href=\"https:\/\/api.whatsapp.com\/send?text=https:\/\/www2.unifap.br\/radio\/municipio-de-santana-promove-3o-simposio-internacional-da-educacao\"><img decoding=\"async\" class=\"alignleft wp-image-8814\" src=\"http:\/\/www2.unifap.br\/radio\/files\/2021\/05\/wt-150x150-1.jpg\" alt=\"\" width=\"56\" height=\"56\"><\/a><a class=\"no-lightbox\" href=\"https:\/\/www.facebook.com\/sharer\/sharer.php?u=https:\/\/www2.unifap.br\/radio\/municipio-de-santana-promove-3o-simposio-internacional-da-educacao\"><img decoding=\"async\" class=\"alignleft wp-image-8811\" src=\"http:\/\/www2.unifap.br\/radio\/files\/2021\/05\/f-150x150-1.jpg\" alt=\"\" width=\"60\" height=\"60\"><\/a>&nbsp;<a class=\"no-lightbox\" href=\"https:\/\/www.instagram.com\/radiounifapoficial\/\"><img decoding=\"async\" class=\"alignleft wp-image-8812\" src=\"http:\/\/www2.unifap.br\/radio\/files\/2021\/05\/pf-150x150-1.jpg\" alt=\"\" width=\"56\" height=\"56\"><\/a><\/p>\n<p>&nbsp;<\/p>\n<blockquote><p><span style=\"font-weight: 400\">O evento \u00e9 gratuito e busca capacitar profissionais da \u00e1rea da educa\u00e7\u00e3o.<\/span><\/p><\/blockquote>\n<p>Est\u00e3o abertas as inscr\u00e7\u00f5es para o III Simp\u00f3sio Internacional de Pesquisa Cient\u00edfica em Educa\u00e7\u00e3o, promovido pelo munic\u00edpio de Santana. O evento ocorre nos dias 04 e 05 de novembro e traz a tem\u00e1tica &#8220;Educa\u00e7\u00e3o Conectada: inova\u00e7\u00f5es e pr\u00e1ticas pedag\u00f3gicas na Educa\u00e7\u00e3o B\u00e1sica&#8221;.&nbsp;<\/p>\n<p>O simp\u00f3sio \u00e9 realizado pela Secretaria Municipal de Educa\u00e7\u00e3o, com o apoio internacional da Universidad Tecnol\u00f3gica Internacional &#8211; UTIC e em parceria com a Faculdade Madre Tereza, Escola Grupo Perspectivas Construtivas (GPC) e o Centro Educacional de Santana Maria Salom\u00e9 Gomes Soares.&nbsp;<\/p>\n<p>O per\u00edodo para inscri\u00e7\u00f5es iniciou no dia 22 de julho e segue at\u00e9 o dia 20 de outubro. Para submiss\u00e3o de artigos, o prazo \u00e9 at\u00e9 o dia 30 de setembro. Os trabalhos devem ser enviados para o e-mail: <a href=\"mailto:relinterutic@gmail.com\"><span style=\"font-weight: 400\">relinterutic@gmail.com<\/span><\/a>.<\/p>\n<p><span style=\"font-weight: 400\">O simp\u00f3sio acontece anualmente no munic\u00edpio de Santana &#8211; AP, e est\u00e1 em sua terceira edi\u00e7\u00e3o. A confer\u00eancia promove forma\u00e7\u00e3o continuada aos professores da rede municipal de Santana, assim como publica\u00e7\u00f5es de trabalhos acad\u00eamicos de professores de institui\u00e7\u00f5es de ensino p\u00fablicas e privadas, da educa\u00e7\u00e3o b\u00e1sica \u00e0 educa\u00e7\u00e3o superior. O p\u00fablico alvo do congresso s\u00e3o docentes, pesquisadores, estudantes de gradua\u00e7\u00e3o, membros de movimentos sociais e sindicais, gestores escolares, integrantes de ONGs, do Brasil, Paraguai, Portugal, Fran\u00e7a, al\u00e9m da comunidade em geral.<\/span><\/p>\n<p><span style=\"font-weight: 400\">As inscri\u00e7\u00f5es para o evento podem ser feitas atrav\u00e9s do <\/span><a href=\"https:\/\/docs.google.com\/forms\/d\/e\/1FAIpQLSdTHnMi67YcTDaURAKF3Lx6znV_zo5gHpitJju9X2XNtrR2uA\/viewform\"><span style=\"color: #0000ff\"><strong>link de inscri\u00e7\u00e3o<\/strong><\/span><\/a><span style=\"font-weight: 400\">.&nbsp;<\/span><\/p>\n<p>&nbsp;<\/p>\n<h6>Colabora\u00e7\u00e3o de texto: Maison Brito Pereira (Bolsista de Extens\u00e3o do Escrit\u00f3rio Modelo\/R\u00e1dio e TV UNIFAP, 2021)<\/h6>\n<p><img loading=\"lazy\" decoding=\"async\" class=\"aligncenter wp-image-9334 size-large\" src=\"http:\/\/www2.unifap.br\/radio\/files\/2021\/06\/Banner_Site-QR-CODE-v2-1024x171.png\" alt=\"\" width=\"1024\" height=\"171\" srcset=\"https:\/\/www2.unifap.br\/radio\/files\/2021\/06\/Banner_Site-QR-CODE-v2-1024x171.png 1024w, https:\/\/www2.unifap.br\/radio\/files\/2021\/06\/Banner_Site-QR-CODE-v2-300x50.png 300w, https:\/\/www2.unifap.br\/radio\/files\/2021\/06\/Banner_Site-QR-CODE-v2-768x128.png 768w, https:\/\/www2.unifap.br\/radio\/files\/2021\/06\/Banner_Site-QR-CODE-v2-1536x256.png 1536w, https:\/\/www2.unifap.br\/radio\/files\/2021\/06\/Banner_Site-QR-CODE-v2-2048x341.png 2048w\" sizes=\"(max-width: 1024px) 100vw, 1024px\" \/><\/p>\n<hr>\n<h6><a class=\"oceanwp-lightbox\" href=\"http:\/\/www2.unifap.br\/radio\/files\/2021\/04\/Logo-Esc-Modelo.png\"><img loading=\"lazy\" decoding=\"async\" class=\"wp-image-8585 alignleft\" src=\"http:\/\/www2.unifap.br\/radio\/files\/2021\/04\/Logo-Esc-Modelo-300x300.png\" alt=\"\" width=\"110\" height=\"110\" srcset=\"https:\/\/www2.unifap.br\/radio\/files\/2021\/04\/Logo-Esc-Modelo-300x300.png 300w, https:\/\/www2.unifap.br\/radio\/files\/2021\/04\/Logo-Esc-Modelo-1024x1024.png 1024w, https:\/\/www2.unifap.br\/radio\/files\/2021\/04\/Logo-Esc-Modelo-150x150.png 150w, https:\/\/www2.unifap.br\/radio\/files\/2021\/04\/Logo-Esc-Modelo-768x768.png 768w, https:\/\/www2.unifap.br\/radio\/files\/2021\/04\/Logo-Esc-Modelo.png 1250w\" sizes=\"(max-width: 110px) 100vw, 110px\" \/><\/a>ATEN\u00c7\u00c3O \u2013 As informa\u00e7\u00f5es, as fotos,&nbsp;<span class=\"rawr\">imagens<\/span>&nbsp;e os textos podem ser usados e reproduzidos, integral ou parcialmente, desde que a fonte seja devidamente citada e que n\u00e3o haja altera\u00e7\u00e3o de sentido em seus conte\u00fados. Cr\u00e9dito para textos: Escrit\u00f3rio Modelo\/R\u00e1dio e TV UNIFAP, 2021.<\/h6>\n<p>&nbsp;<\/p>\n<h6>&nbsp;Acesse as Redes Sociais Oficias da TV e R\u00e1dio UNIFAP:&nbsp;&nbsp;<\/h6>\n<h6>\u00b7&nbsp;&nbsp;&nbsp;&nbsp;&nbsp;&nbsp;&nbsp;&nbsp; Facebook:&nbsp;<a href=\"https:\/\/www.facebook.com\/96.9fm\"><strong>https:\/\/www.facebook.com\/96.9fm&nbsp;<\/strong><\/a><\/h6>\n<h6>\u00b7&nbsp;&nbsp;&nbsp;&nbsp;&nbsp;&nbsp;&nbsp;&nbsp; Instagram:&nbsp;<a href=\"https:\/\/www.instagram.com\/radiounifapoficial\/\">https:\/\/www.instagram.com\/radiounifapoficial\/<\/a><\/h6>\n<h6>\u00b7&nbsp;&nbsp;&nbsp;&nbsp;&nbsp;&nbsp;&nbsp;&nbsp; WebR\u00e1dio:&nbsp;<a href=\"https:\/\/estacao.radio.br\/radiounifap96\/webapp\/\">https:\/\/estacao.radio.br\/radiounifap96\/webapp\/<\/a><\/h6>\n<h3>Related Images:<\/h3>","protected":false},"excerpt":{"rendered":"<p>&nbsp; &nbsp; O evento \u00e9 gratuito e busca capacitar profissionais da \u00e1rea da educa\u00e7\u00e3o. Est\u00e3o abertas as inscr\u00e7\u00f5es para o III Simp\u00f3sio Internacional de Pesquisa Cient\u00edfica em Educa\u00e7\u00e3o, promovido pelo munic\u00edpio de Santana. O evento ocorre nos dias 04 e 05 de novembro e traz a tem\u00e1tica &#8220;Educa\u00e7\u00e3o Conectada: inova\u00e7\u00f5es e pr\u00e1ticas pedag\u00f3gicas na Educa\u00e7\u00e3o&#8230;<\/p>\n","protected":false},"author":3845,"featured_media":9761,"comment_status":"closed","ping_status":"open","sticky":false,"template":"","format":"standard","meta":{"inline_featured_image":false,"ngg_post_thumbnail":0,"footnotes":""},"categories":[1],"tags":[185,164,186],"class_list":["post-9760","post","type-post","status-publish","format-standard","has-post-thumbnail","hentry","category-noticias","tag-amapa","tag-educacao","tag-simposio","entry","has-media"],"_links":{"self":[{"href":"https:\/\/www2.unifap.br\/radio\/wp-json\/wp\/v2\/posts\/9760","targetHints":{"allow":["GET"]}}],"collection":[{"href":"https:\/\/www2.unifap.br\/radio\/wp-json\/wp\/v2\/posts"}],"about":[{"href":"https:\/\/www2.unifap.br\/radio\/wp-json\/wp\/v2\/types\/post"}],"author":[{"embeddable":true,"href":"https:\/\/www2.unifap.br\/radio\/wp-json\/wp\/v2\/users\/3845"}],"replies":[{"embeddable":true,"href":"https:\/\/www2.unifap.br\/radio\/wp-json\/wp\/v2\/comments?post=9760"}],"version-history":[{"count":8,"href":"https:\/\/www2.unifap.br\/radio\/wp-json\/wp\/v2\/posts\/9760\/revisions"}],"predecessor-version":[{"id":9796,"href":"https:\/\/www2.unifap.br\/radio\/wp-json\/wp\/v2\/posts\/9760\/revisions\/9796"}],"wp:featuredmedia":[{"embeddable":true,"href":"https:\/\/www2.unifap.br\/radio\/wp-json\/wp\/v2\/media\/9761"}],"wp:attachment":[{"href":"https:\/\/www2.unifap.br\/radio\/wp-json\/wp\/v2\/media?parent=9760"}],"wp:term":[{"taxonomy":"category","embeddable":true,"href":"https:\/\/www2.unifap.br\/radio\/wp-json\/wp\/v2\/categories?post=9760"},{"taxonomy":"post_tag","embeddable":true,"href":"https:\/\/www2.unifap.br\/radio\/wp-json\/wp\/v2\/tags?post=9760"}],"curies":[{"name":"wp","href":"https:\/\/api.w.org\/{rel}","templated":true}]}}