{"id":1430,"date":"2024-04-22T01:17:41","date_gmt":"2024-04-22T01:17:41","guid":{"rendered":"https:\/\/www2.unifap.br\/relacoesinternacionais\/?p=1430"},"modified":"2024-04-22T01:17:41","modified_gmt":"2024-04-22T01:17:41","slug":"novo-calendario-letivo-2024","status":"publish","type":"post","link":"https:\/\/www2.unifap.br\/relacoesinternacionais\/2024\/04\/22\/novo-calendario-letivo-2024\/","title":{"rendered":"novo calend\u00e1rio letivo 2024"},"content":{"rendered":"<p>Prezades docentes e discentes,<\/p>\n<p>A coordena\u00e7\u00e3o comunica que, em raz\u00e3o da decis\u00e3o da institui\u00e7\u00e3o de adiar o in\u00edcio do semestre letivo 2024.1 para 29 de abril de 2024, foi publicado novo calend\u00e1rio letivo para o per\u00edodo, disponibilizados no link abaixo. Fiquem atentos \u00e0s novas datas de solicita\u00e7\u00e3o de altera\u00e7\u00e3o e trancamento de matr\u00edcula, consolida\u00e7\u00e3o de di\u00e1rios e solicita\u00e7\u00e3o de cola\u00e7\u00e3o de cola\u00e7\u00e3o de grau.<\/p>\n<p><a href=\"http:\/\/www2.unifap.br\/relacoesinternacionais\/files\/2024\/04\/RES._7._2024_-_CONSU_-_Aprova_ad_referendum_alterao_no_Calendrio_2024.pdf\">RES._7._2024_-_CONSU_-_Aprova_ad_referendum_alterao_no_Calendrio_2024<\/a><\/p>\n","protected":false},"excerpt":{"rendered":"<p>Prezades docentes e discentes, A coordena\u00e7\u00e3o comunica que, em raz\u00e3o da decis\u00e3o da institui\u00e7\u00e3o de adiar o in\u00edcio do semestre letivo 2024.1 para 29 de abril de 2024, foi publicado novo calend\u00e1rio letivo para o per\u00edodo, disponibilizados no link abaixo.&hellip; <\/p>\n<p><a href=\"https:\/\/www2.unifap.br\/relacoesinternacionais\/2024\/04\/22\/novo-calendario-letivo-2024\/\" class=\"readmore-button\">Continue Reading<\/a><\/p>\n","protected":false},"author":3975,"featured_media":0,"comment_status":"open","ping_status":"open","sticky":false,"template":"","format":"standard","meta":{"inline_featured_image":false,"ngg_post_thumbnail":0,"footnotes":""},"categories":[1],"tags":[],"class_list":["post-1430","post","type-post","status-publish","format-standard","hentry","category-sem-categoria"],"_links":{"self":[{"href":"https:\/\/www2.unifap.br\/relacoesinternacionais\/wp-json\/wp\/v2\/posts\/1430","targetHints":{"allow":["GET"]}}],"collection":[{"href":"https:\/\/www2.unifap.br\/relacoesinternacionais\/wp-json\/wp\/v2\/posts"}],"about":[{"href":"https:\/\/www2.unifap.br\/relacoesinternacionais\/wp-json\/wp\/v2\/types\/post"}],"author":[{"embeddable":true,"href":"https:\/\/www2.unifap.br\/relacoesinternacionais\/wp-json\/wp\/v2\/users\/3975"}],"replies":[{"embeddable":true,"href":"https:\/\/www2.unifap.br\/relacoesinternacionais\/wp-json\/wp\/v2\/comments?post=1430"}],"version-history":[{"count":1,"href":"https:\/\/www2.unifap.br\/relacoesinternacionais\/wp-json\/wp\/v2\/posts\/1430\/revisions"}],"predecessor-version":[{"id":1432,"href":"https:\/\/www2.unifap.br\/relacoesinternacionais\/wp-json\/wp\/v2\/posts\/1430\/revisions\/1432"}],"wp:attachment":[{"href":"https:\/\/www2.unifap.br\/relacoesinternacionais\/wp-json\/wp\/v2\/media?parent=1430"}],"wp:term":[{"taxonomy":"category","embeddable":true,"href":"https:\/\/www2.unifap.br\/relacoesinternacionais\/wp-json\/wp\/v2\/categories?post=1430"},{"taxonomy":"post_tag","embeddable":true,"href":"https:\/\/www2.unifap.br\/relacoesinternacionais\/wp-json\/wp\/v2\/tags?post=1430"}],"curies":[{"name":"wp","href":"https:\/\/api.w.org\/{rel}","templated":true}]}}